{"id":23323,"date":"2022-07-29T12:00:49","date_gmt":"2022-07-29T11:00:49","guid":{"rendered":"https:\/\/www.ayuntamientodeharia.com\/haria\/?p=23323"},"modified":"2022-07-29T12:00:49","modified_gmt":"2022-07-29T11:00:49","slug":"suspendido-el-aquatlon-de-arrieta-por-malas-condiciones-meteorologicas","status":"publish","type":"post","link":"https:\/\/www.ayuntamientodeharia.com\/haria\/suspendido-el-aquatlon-de-arrieta-por-malas-condiciones-meteorologicas\/","title":{"rendered":"Suspendido el Aquatl\u00f3n de Arrieta por malas condiciones meteorol\u00f3gicas"},"content":{"rendered":"<p>El Ayuntamiento de Har\u00eda comunica que el Aquatl\u00f3n que iba a tener lugar este viernes, a las 16:00 horas, queda suspendido por malas condiciones meteorol\u00f3gicas.<\/p>\n<p>Debido al estado del mar, el Consistorio ha decidido cancelar la prueba para garantizar la seguridad de los participantes.<\/p>\n","protected":false},"excerpt":{"rendered":"<p>El Ayuntamiento de Har\u00eda comunica que el Aquatl\u00f3n que iba a tener lugar este viernes, a las 16:00 horas, queda suspendido por malas condiciones meteorol\u00f3gicas. Debido al estado del mar, el Consistorio ha decidido cancelar la prueba para garantizar la seguridad de los participantes.<\/p>\n","protected":false},"author":13,"featured_media":23324,"comment_status":"closed","ping_status":"closed","sticky":false,"template":"","format":"standard","meta":{"footnotes":""},"categories":[32,15,11],"tags":[],"class_list":["post-23323","post","type-post","status-publish","format-standard","has-post-thumbnail","hentry","category-anuncios","category-festejos","category-hoja-de-haria"],"_links":{"self":[{"href":"https:\/\/www.ayuntamientodeharia.com\/haria\/wp-json\/wp\/v2\/posts\/23323","targetHints":{"allow":["GET"]}}],"collection":[{"href":"https:\/\/www.ayuntamientodeharia.com\/haria\/wp-json\/wp\/v2\/posts"}],"about":[{"href":"https:\/\/www.ayuntamientodeharia.com\/haria\/wp-json\/wp\/v2\/types\/post"}],"author":[{"embeddable":true,"href":"https:\/\/www.ayuntamientodeharia.com\/haria\/wp-json\/wp\/v2\/users\/13"}],"replies":[{"embeddable":true,"href":"https:\/\/www.ayuntamientodeharia.com\/haria\/wp-json\/wp\/v2\/comments?post=23323"}],"version-history":[{"count":1,"href":"https:\/\/www.ayuntamientodeharia.com\/haria\/wp-json\/wp\/v2\/posts\/23323\/revisions"}],"predecessor-version":[{"id":23325,"href":"https:\/\/www.ayuntamientodeharia.com\/haria\/wp-json\/wp\/v2\/posts\/23323\/revisions\/23325"}],"wp:featuredmedia":[{"embeddable":true,"href":"https:\/\/www.ayuntamientodeharia.com\/haria\/wp-json\/wp\/v2\/media\/23324"}],"wp:attachment":[{"href":"https:\/\/www.ayuntamientodeharia.com\/haria\/wp-json\/wp\/v2\/media?parent=23323"}],"wp:term":[{"taxonomy":"category","embeddable":true,"href":"https:\/\/www.ayuntamientodeharia.com\/haria\/wp-json\/wp\/v2\/categories?post=23323"},{"taxonomy":"post_tag","embeddable":true,"href":"https:\/\/www.ayuntamientodeharia.com\/haria\/wp-json\/wp\/v2\/tags?post=23323"}],"curies":[{"name":"wp","href":"https:\/\/api.w.org\/{rel}","templated":true}]}}