{"id":23320,"date":"2022-07-29T11:59:48","date_gmt":"2022-07-29T10:59:48","guid":{"rendered":"https:\/\/www.ayuntamientodeharia.com\/haria\/?p=23320"},"modified":"2022-07-29T11:59:48","modified_gmt":"2022-07-29T10:59:48","slug":"haria-celebra-las-fiestas-de-las-nieves-2022-con-una-decena-de-actividades-para-todas-las-edades","status":"publish","type":"post","link":"https:\/\/www.ayuntamientodeharia.com\/haria\/haria-celebra-las-fiestas-de-las-nieves-2022-con-una-decena-de-actividades-para-todas-las-edades\/","title":{"rendered":"Har\u00eda celebra las Fiestas de Las Nieves 2022 con una decena de actividades para todas las edades"},"content":{"rendered":"<p><span style=\"font-weight: 400;\">El Ayuntamiento de Har\u00eda, a trav\u00e9s del \u00c1rea de Festejos que coordina Evelia Garc\u00eda, prepara la celebraci\u00f3n de una decena de actos, destinados a p\u00fablico de todas las edades, para conmemorar el D\u00eda de Las Nieves.<\/span><\/p>\n<p><span style=\"font-weight: 400;\">Estos se celebrar\u00e1n entre el 5 y el 7 de agosto y contar\u00e1n con la tradicional caminata de los peregrinos hacia la Ermita de Las Nieves, as\u00ed como con concursos, actuaciones musicales y otras actividades.<\/span><\/p>\n<p><span style=\"font-weight: 400;\">La alcaldesa y concejala de Festejos, Evelia Garc\u00eda, invita a los vecinos y vecinas a que vuelvan a disfrutar de las festividades de esta zona y, especialmente, de una tradici\u00f3n tan querida como la caminata desde Arrieta hasta la Ermita.\u00a0<\/span><\/p>\n<p><b>PROGRAMACI\u00d3N\u00a0<\/b><\/p>\n<p><b>VIERNES, 5 DE AGOSTO, D\u00cdA DE LAS NIEVES<\/b><\/p>\n<p><span style=\"font-weight: 400;\">7:30 horas. Salida conjunta de peregrinos desde la plaza de la Constituci\u00f3n hacia la Ermita de las Nieves.\u00a0<\/span><\/p>\n<p><span style=\"font-weight: 400;\">10:00 horas. Misa de Peregrinos. Celebrada por D. Norberto Medina, p\u00e1rroco de Har\u00eda. Ermita de Las Nieves.<\/span><\/p>\n<p><span style=\"font-weight: 400;\">19:00 horas. Campeonatos de Truco y Chich\u00f3n. CSC La Tegala.<\/span><\/p>\n<p><b>S\u00c1BADO, 6 DE AGOSTO<\/b><\/p>\n<p><span style=\"font-weight: 400;\">\u00a017:30 horas. Campeonatos de Envite y Ronda. CSC La Tegala.<\/span><\/p>\n<p><span style=\"font-weight: 400;\">21:00 horas. \u201cHar\u00eda Mix\u201dPlay Back de adultos. CSC La Tegala.<\/span><\/p>\n<p><span style=\"font-weight: 400;\">22:30 horas. Guateque con DJ Jefecito y Los Conejeros. CSC La Tegala.<\/span><\/p>\n<p><b>DOMINGO, 7 DE AGOSTO<\/b><\/p>\n<p><span style=\"font-weight: 400;\">17:00 horas. Zona para ni\u00f1os con juegos tradicionales (saco, soga, el\u00e1stico, pa\u00f1uelo\u2026). CSC La Tegala.<\/span><\/p>\n<p><span style=\"font-weight: 400;\">19:00 horas. Bingo Sorpresa. CSC La Tegala.<\/span><\/p>\n<p><span style=\"font-weight: 400;\">20:30 horas. Espect\u00e1culo teatro-musical \u2018El Misterio del Club Eliodore\u2019. CSC La Tegala.<\/span><\/p>\n","protected":false},"excerpt":{"rendered":"<p>El Ayuntamiento de Har\u00eda, a trav\u00e9s del \u00c1rea de Festejos que coordina Evelia Garc\u00eda, prepara la celebraci\u00f3n de una decena de actos, destinados a p\u00fablico de todas las edades, para conmemorar el D\u00eda de Las Nieves. Estos se celebrar\u00e1n entre el 5 y el 7 de agosto y contar\u00e1n con la tradicional caminata de los [&hellip;]<\/p>\n","protected":false},"author":13,"featured_media":23321,"comment_status":"closed","ping_status":"closed","sticky":false,"template":"","format":"standard","meta":{"footnotes":""},"categories":[32,425,15,11],"tags":[],"class_list":["post-23320","post","type-post","status-publish","format-standard","has-post-thumbnail","hentry","category-anuncios","category-destacado","category-festejos","category-hoja-de-haria"],"_links":{"self":[{"href":"https:\/\/www.ayuntamientodeharia.com\/haria\/wp-json\/wp\/v2\/posts\/23320","targetHints":{"allow":["GET"]}}],"collection":[{"href":"https:\/\/www.ayuntamientodeharia.com\/haria\/wp-json\/wp\/v2\/posts"}],"about":[{"href":"https:\/\/www.ayuntamientodeharia.com\/haria\/wp-json\/wp\/v2\/types\/post"}],"author":[{"embeddable":true,"href":"https:\/\/www.ayuntamientodeharia.com\/haria\/wp-json\/wp\/v2\/users\/13"}],"replies":[{"embeddable":true,"href":"https:\/\/www.ayuntamientodeharia.com\/haria\/wp-json\/wp\/v2\/comments?post=23320"}],"version-history":[{"count":1,"href":"https:\/\/www.ayuntamientodeharia.com\/haria\/wp-json\/wp\/v2\/posts\/23320\/revisions"}],"predecessor-version":[{"id":23322,"href":"https:\/\/www.ayuntamientodeharia.com\/haria\/wp-json\/wp\/v2\/posts\/23320\/revisions\/23322"}],"wp:featuredmedia":[{"embeddable":true,"href":"https:\/\/www.ayuntamientodeharia.com\/haria\/wp-json\/wp\/v2\/media\/23321"}],"wp:attachment":[{"href":"https:\/\/www.ayuntamientodeharia.com\/haria\/wp-json\/wp\/v2\/media?parent=23320"}],"wp:term":[{"taxonomy":"category","embeddable":true,"href":"https:\/\/www.ayuntamientodeharia.com\/haria\/wp-json\/wp\/v2\/categories?post=23320"},{"taxonomy":"post_tag","embeddable":true,"href":"https:\/\/www.ayuntamientodeharia.com\/haria\/wp-json\/wp\/v2\/tags?post=23320"}],"curies":[{"name":"wp","href":"https:\/\/api.w.org\/{rel}","templated":true}]}}