{"id":23245,"date":"2022-07-15T14:30:55","date_gmt":"2022-07-15T13:30:55","guid":{"rendered":"https:\/\/www.ayuntamientodeharia.com\/haria\/?p=23245"},"modified":"2022-07-15T14:30:55","modified_gmt":"2022-07-15T13:30:55","slug":"el-ayuntamiento-informa-que-sera-necesario-presentar-una-solicitud-para-participar-en-la-procesion-maritima-de-las-fiestas-del-carmen-de-arrieta","status":"publish","type":"post","link":"https:\/\/www.ayuntamientodeharia.com\/haria\/el-ayuntamiento-informa-que-sera-necesario-presentar-una-solicitud-para-participar-en-la-procesion-maritima-de-las-fiestas-del-carmen-de-arrieta\/","title":{"rendered":"El Ayuntamiento informa que ser\u00e1 necesario presentar una solicitud para participar en la procesi\u00f3n mar\u00edtima de las Fiestas del Carmen de Arrieta"},"content":{"rendered":"<p>El Ayuntamiento de Har\u00eda informa a la poblaci\u00f3n que, para participar en la procesi\u00f3n mar\u00edtima que se organizar\u00e1 el pr\u00f3ximo 30 de julio por las Fiestas del Carmen de Arrieta, ser\u00e1 necesario presentar una solicitud correspondiente a trav\u00e9s del registro de entrada del Ayuntamiento o de la Sede Electr\u00f3nica.<\/p>\n<p>El o la responsable de la embarcaci\u00f3n tendr\u00e1 que completar el Formulario de Inscripci\u00f3n, debiendo adjuntar la siguiente documentaci\u00f3n:<\/p>\n<ul>\n<li>Fotocopia del DNI de la persona responsable de la embarcaci\u00f3n.<\/li>\n<li>Declaraci\u00f3n jurada facilitada como ANEXO I y firmada por la persona responsable de la embarcaci\u00f3n, acerca de la veracidad de los datos y la documentaci\u00f3n aportada con el impreso de inscripci\u00f3n.<\/li>\n<li>Declaraci\u00f3n responsable facilitada como ANEXO II y firmada por la persona responsable de la embarcaci\u00f3n, sobre el compromiso de cumplimiento de todas las exigencias recogidas en el Real Decreto 62\/2008, de 25 de enero (publicado en el BOE\u00a0n\u00fam.\u00a033, de 7 de febrero de 2008).<\/li>\n<li>Original y copia del seguro de responsabilidad civil.<\/li>\n<li>Fotocopia del seguro obligatorio de accidente de la embarcaci\u00f3n inscrita y fotocopia del recibo del pago en vigor.<\/li>\n<\/ul>\n","protected":false},"excerpt":{"rendered":"<p>El Ayuntamiento de Har\u00eda informa a la poblaci\u00f3n que, para participar en la procesi\u00f3n mar\u00edtima que se organizar\u00e1 el pr\u00f3ximo 30 de julio por las Fiestas del Carmen de Arrieta, ser\u00e1 necesario presentar una solicitud correspondiente a trav\u00e9s del registro de entrada del Ayuntamiento o de la Sede Electr\u00f3nica. El o la responsable de la [&hellip;]<\/p>\n","protected":false},"author":13,"featured_media":23246,"comment_status":"closed","ping_status":"closed","sticky":false,"template":"","format":"standard","meta":{"footnotes":""},"categories":[32,15,11],"tags":[],"class_list":["post-23245","post","type-post","status-publish","format-standard","has-post-thumbnail","hentry","category-anuncios","category-festejos","category-hoja-de-haria"],"_links":{"self":[{"href":"https:\/\/www.ayuntamientodeharia.com\/haria\/wp-json\/wp\/v2\/posts\/23245","targetHints":{"allow":["GET"]}}],"collection":[{"href":"https:\/\/www.ayuntamientodeharia.com\/haria\/wp-json\/wp\/v2\/posts"}],"about":[{"href":"https:\/\/www.ayuntamientodeharia.com\/haria\/wp-json\/wp\/v2\/types\/post"}],"author":[{"embeddable":true,"href":"https:\/\/www.ayuntamientodeharia.com\/haria\/wp-json\/wp\/v2\/users\/13"}],"replies":[{"embeddable":true,"href":"https:\/\/www.ayuntamientodeharia.com\/haria\/wp-json\/wp\/v2\/comments?post=23245"}],"version-history":[{"count":2,"href":"https:\/\/www.ayuntamientodeharia.com\/haria\/wp-json\/wp\/v2\/posts\/23245\/revisions"}],"predecessor-version":[{"id":23248,"href":"https:\/\/www.ayuntamientodeharia.com\/haria\/wp-json\/wp\/v2\/posts\/23245\/revisions\/23248"}],"wp:featuredmedia":[{"embeddable":true,"href":"https:\/\/www.ayuntamientodeharia.com\/haria\/wp-json\/wp\/v2\/media\/23246"}],"wp:attachment":[{"href":"https:\/\/www.ayuntamientodeharia.com\/haria\/wp-json\/wp\/v2\/media?parent=23245"}],"wp:term":[{"taxonomy":"category","embeddable":true,"href":"https:\/\/www.ayuntamientodeharia.com\/haria\/wp-json\/wp\/v2\/categories?post=23245"},{"taxonomy":"post_tag","embeddable":true,"href":"https:\/\/www.ayuntamientodeharia.com\/haria\/wp-json\/wp\/v2\/tags?post=23245"}],"curies":[{"name":"wp","href":"https:\/\/api.w.org\/{rel}","templated":true}]}}