{"id":23243,"date":"2022-07-15T14:29:35","date_gmt":"2022-07-15T13:29:35","guid":{"rendered":"https:\/\/www.ayuntamientodeharia.com\/haria\/?p=23243"},"modified":"2022-07-15T14:29:35","modified_gmt":"2022-07-15T13:29:35","slug":"convocada-una-reunion-de-vecinos-para-la-organizacion-de-las-fiestas-de-santa-rosa-de-lima","status":"publish","type":"post","link":"https:\/\/www.ayuntamientodeharia.com\/haria\/convocada-una-reunion-de-vecinos-para-la-organizacion-de-las-fiestas-de-santa-rosa-de-lima\/","title":{"rendered":"Convocada una reuni\u00f3n de vecinos para la organizaci\u00f3n de las fiestas de Santa Rosa de Lima"},"content":{"rendered":"<p>La alcaldesa de Har\u00eda, Evelia Garc\u00eda, invita a los vecinos y vecinas de \u00d3rzola a participar en la organizaci\u00f3n de las fiestas de Santa Rosa de Lima.<\/p>\n<p>El Ayuntamiento convoca para este fin una reuni\u00f3n con la ciudadan\u00eda, que se celebrar\u00e1 el pr\u00f3ximo mi\u00e9rcoles, 20 de julio, a las 20:00 horas en el Centro Sociocultural Calet\u00f3n Blanco.<\/p>\n","protected":false},"excerpt":{"rendered":"<p>La alcaldesa de Har\u00eda, Evelia Garc\u00eda, invita a los vecinos y vecinas de \u00d3rzola a participar en la organizaci\u00f3n de las fiestas de Santa Rosa de Lima. El Ayuntamiento convoca para este fin una reuni\u00f3n con la ciudadan\u00eda, que se celebrar\u00e1 el pr\u00f3ximo mi\u00e9rcoles, 20 de julio, a las 20:00 horas en el Centro Sociocultural [&hellip;]<\/p>\n","protected":false},"author":13,"featured_media":22475,"comment_status":"closed","ping_status":"closed","sticky":false,"template":"","format":"standard","meta":{"footnotes":""},"categories":[32,15,11],"tags":[],"class_list":["post-23243","post","type-post","status-publish","format-standard","has-post-thumbnail","hentry","category-anuncios","category-festejos","category-hoja-de-haria"],"_links":{"self":[{"href":"https:\/\/www.ayuntamientodeharia.com\/haria\/wp-json\/wp\/v2\/posts\/23243","targetHints":{"allow":["GET"]}}],"collection":[{"href":"https:\/\/www.ayuntamientodeharia.com\/haria\/wp-json\/wp\/v2\/posts"}],"about":[{"href":"https:\/\/www.ayuntamientodeharia.com\/haria\/wp-json\/wp\/v2\/types\/post"}],"author":[{"embeddable":true,"href":"https:\/\/www.ayuntamientodeharia.com\/haria\/wp-json\/wp\/v2\/users\/13"}],"replies":[{"embeddable":true,"href":"https:\/\/www.ayuntamientodeharia.com\/haria\/wp-json\/wp\/v2\/comments?post=23243"}],"version-history":[{"count":1,"href":"https:\/\/www.ayuntamientodeharia.com\/haria\/wp-json\/wp\/v2\/posts\/23243\/revisions"}],"predecessor-version":[{"id":23244,"href":"https:\/\/www.ayuntamientodeharia.com\/haria\/wp-json\/wp\/v2\/posts\/23243\/revisions\/23244"}],"wp:featuredmedia":[{"embeddable":true,"href":"https:\/\/www.ayuntamientodeharia.com\/haria\/wp-json\/wp\/v2\/media\/22475"}],"wp:attachment":[{"href":"https:\/\/www.ayuntamientodeharia.com\/haria\/wp-json\/wp\/v2\/media?parent=23243"}],"wp:term":[{"taxonomy":"category","embeddable":true,"href":"https:\/\/www.ayuntamientodeharia.com\/haria\/wp-json\/wp\/v2\/categories?post=23243"},{"taxonomy":"post_tag","embeddable":true,"href":"https:\/\/www.ayuntamientodeharia.com\/haria\/wp-json\/wp\/v2\/tags?post=23243"}],"curies":[{"name":"wp","href":"https:\/\/api.w.org\/{rel}","templated":true}]}}