{"id":23229,"date":"2022-07-08T15:24:04","date_gmt":"2022-07-08T14:24:04","guid":{"rendered":"https:\/\/www.ayuntamientodeharia.com\/haria\/?p=23229"},"modified":"2022-07-08T15:24:04","modified_gmt":"2022-07-08T14:24:04","slug":"jesus-perdomo-y-oscar-torres-presentan-una-pagina-web-con-la-historia-de-la-graciosa","status":"publish","type":"post","link":"https:\/\/www.ayuntamientodeharia.com\/haria\/jesus-perdomo-y-oscar-torres-presentan-una-pagina-web-con-la-historia-de-la-graciosa\/","title":{"rendered":"Jes\u00fas Perdomo y \u00d3scar Torres presentan una p\u00e1gina web con la historia de La Graciosa"},"content":{"rendered":"<p>Jes\u00fas Perdomo Ram\u00edrez y \u00d3scar Torres Perdomo contin\u00faan dando vida a la historia de Lanzarote. En este caso, ambos historiadores presentar\u00e1n este domingo, 10 de julio, una p\u00e1gina web que incluye la historia de la Octava isla, La Graciosa.<\/p>\n<p>Perdomo y Torres, destacados por ser Memorialistas de Lanzarote en 2017 y Premios Har\u00eda 2021, dar\u00e1n a conocer este portal en un acto que se celebrar\u00e1 en el Sal\u00f3n parroquial de La Graciosa, a partir de las 21:00 horas.<\/p>\n<p>De esta forma, los autores cierran el c\u00edrculo con esta presentaci\u00f3n, que se suma a las p\u00e1ginas de historia de Har\u00eda, Carnavalera de Arrecife y de Tinajo, entre otras obras notables.<\/p>\n","protected":false},"excerpt":{"rendered":"<p>Jes\u00fas Perdomo Ram\u00edrez y \u00d3scar Torres Perdomo contin\u00faan dando vida a la historia de Lanzarote. En este caso, ambos historiadores presentar\u00e1n este domingo, 10 de julio, una p\u00e1gina web que incluye la historia de la Octava isla, La Graciosa. Perdomo y Torres, destacados por ser Memorialistas de Lanzarote en 2017 y Premios Har\u00eda 2021, dar\u00e1n [&hellip;]<\/p>\n","protected":false},"author":13,"featured_media":23230,"comment_status":"closed","ping_status":"closed","sticky":false,"template":"","format":"standard","meta":{"footnotes":""},"categories":[425,11],"tags":[],"class_list":["post-23229","post","type-post","status-publish","format-standard","has-post-thumbnail","hentry","category-destacado","category-hoja-de-haria"],"_links":{"self":[{"href":"https:\/\/www.ayuntamientodeharia.com\/haria\/wp-json\/wp\/v2\/posts\/23229","targetHints":{"allow":["GET"]}}],"collection":[{"href":"https:\/\/www.ayuntamientodeharia.com\/haria\/wp-json\/wp\/v2\/posts"}],"about":[{"href":"https:\/\/www.ayuntamientodeharia.com\/haria\/wp-json\/wp\/v2\/types\/post"}],"author":[{"embeddable":true,"href":"https:\/\/www.ayuntamientodeharia.com\/haria\/wp-json\/wp\/v2\/users\/13"}],"replies":[{"embeddable":true,"href":"https:\/\/www.ayuntamientodeharia.com\/haria\/wp-json\/wp\/v2\/comments?post=23229"}],"version-history":[{"count":1,"href":"https:\/\/www.ayuntamientodeharia.com\/haria\/wp-json\/wp\/v2\/posts\/23229\/revisions"}],"predecessor-version":[{"id":23231,"href":"https:\/\/www.ayuntamientodeharia.com\/haria\/wp-json\/wp\/v2\/posts\/23229\/revisions\/23231"}],"wp:featuredmedia":[{"embeddable":true,"href":"https:\/\/www.ayuntamientodeharia.com\/haria\/wp-json\/wp\/v2\/media\/23230"}],"wp:attachment":[{"href":"https:\/\/www.ayuntamientodeharia.com\/haria\/wp-json\/wp\/v2\/media?parent=23229"}],"wp:term":[{"taxonomy":"category","embeddable":true,"href":"https:\/\/www.ayuntamientodeharia.com\/haria\/wp-json\/wp\/v2\/categories?post=23229"},{"taxonomy":"post_tag","embeddable":true,"href":"https:\/\/www.ayuntamientodeharia.com\/haria\/wp-json\/wp\/v2\/tags?post=23229"}],"curies":[{"name":"wp","href":"https:\/\/api.w.org\/{rel}","templated":true}]}}