{"id":23215,"date":"2022-07-08T15:15:00","date_gmt":"2022-07-08T14:15:00","guid":{"rendered":"https:\/\/www.ayuntamientodeharia.com\/haria\/?p=23215"},"modified":"2022-07-08T15:15:00","modified_gmt":"2022-07-08T14:15:00","slug":"el-ayuntamiento-organiza-las-ii-jornadas-de-bienestar-en-haria","status":"publish","type":"post","link":"https:\/\/www.ayuntamientodeharia.com\/haria\/el-ayuntamiento-organiza-las-ii-jornadas-de-bienestar-en-haria\/","title":{"rendered":"El Ayuntamiento organiza las II Jornadas de Bienestar en Har\u00eda"},"content":{"rendered":"<p>El Ayuntamiento de Har\u00eda, a trav\u00e9s del \u00c1rea de Deportes, que coordina Alejandro Hern\u00e1ndez, organizar\u00e1 el pr\u00f3ximo 16 de julio las II Jornadas de Bienestar en Har\u00eda. Estas tendr\u00e1n lugar en el Teleclub de Ye, desde las 9:00 hasta las 19:00 horas.<\/p>\n<p>La programaci\u00f3n del proyecto cuenta con clases de yoga integral para todos los niveles (9:30-10:30); Biodanza \u2013 1 Activaci\u00f3n-integraci\u00f3n (10:45-12:00); Yoga suave con consciencia (12:15-13:15); Comida al aire libre (13:30-15:00); Relajaci\u00f3n y respiraci\u00f3n. Armonizaci\u00f3n con cuencos y gong (15:15-16:00); Meditaci\u00f3n guiada (16:15-17:00); Biodanza 2 \u2013 Relajaci\u00f3n-integraci\u00f3n (17:15-18:15).<\/p>\n<p>Los ponentes y monitores de estas actividades ser\u00e1n Pedro Royo, Ana Mar\u00eda Angueira, Beverly Philip, Mercedes Samkhya y Soledad Artigue. La iniciativa est\u00e1 organizada por el Ayuntamiento de Har\u00eda, en colaboraci\u00f3n con la Asociaci\u00f3n Escuela de Ense\u00f1anza del Akasha.<\/p>\n","protected":false},"excerpt":{"rendered":"<p>El Ayuntamiento de Har\u00eda, a trav\u00e9s del \u00c1rea de Deportes, que coordina Alejandro Hern\u00e1ndez, organizar\u00e1 el pr\u00f3ximo 16 de julio las II Jornadas de Bienestar en Har\u00eda. Estas tendr\u00e1n lugar en el Teleclub de Ye, desde las 9:00 hasta las 19:00 horas. La programaci\u00f3n del proyecto cuenta con clases de yoga integral para todos los [&hellip;]<\/p>\n","protected":false},"author":13,"featured_media":23216,"comment_status":"closed","ping_status":"closed","sticky":false,"template":"","format":"standard","meta":{"footnotes":""},"categories":[17,11],"tags":[],"class_list":["post-23215","post","type-post","status-publish","format-standard","has-post-thumbnail","hentry","category-deportes","category-hoja-de-haria"],"_links":{"self":[{"href":"https:\/\/www.ayuntamientodeharia.com\/haria\/wp-json\/wp\/v2\/posts\/23215","targetHints":{"allow":["GET"]}}],"collection":[{"href":"https:\/\/www.ayuntamientodeharia.com\/haria\/wp-json\/wp\/v2\/posts"}],"about":[{"href":"https:\/\/www.ayuntamientodeharia.com\/haria\/wp-json\/wp\/v2\/types\/post"}],"author":[{"embeddable":true,"href":"https:\/\/www.ayuntamientodeharia.com\/haria\/wp-json\/wp\/v2\/users\/13"}],"replies":[{"embeddable":true,"href":"https:\/\/www.ayuntamientodeharia.com\/haria\/wp-json\/wp\/v2\/comments?post=23215"}],"version-history":[{"count":1,"href":"https:\/\/www.ayuntamientodeharia.com\/haria\/wp-json\/wp\/v2\/posts\/23215\/revisions"}],"predecessor-version":[{"id":23217,"href":"https:\/\/www.ayuntamientodeharia.com\/haria\/wp-json\/wp\/v2\/posts\/23215\/revisions\/23217"}],"wp:featuredmedia":[{"embeddable":true,"href":"https:\/\/www.ayuntamientodeharia.com\/haria\/wp-json\/wp\/v2\/media\/23216"}],"wp:attachment":[{"href":"https:\/\/www.ayuntamientodeharia.com\/haria\/wp-json\/wp\/v2\/media?parent=23215"}],"wp:term":[{"taxonomy":"category","embeddable":true,"href":"https:\/\/www.ayuntamientodeharia.com\/haria\/wp-json\/wp\/v2\/categories?post=23215"},{"taxonomy":"post_tag","embeddable":true,"href":"https:\/\/www.ayuntamientodeharia.com\/haria\/wp-json\/wp\/v2\/tags?post=23215"}],"curies":[{"name":"wp","href":"https:\/\/api.w.org\/{rel}","templated":true}]}}