{"id":2320,"date":"2015-08-31T09:10:12","date_gmt":"2015-08-31T09:10:12","guid":{"rendered":"http:\/\/www.ayuntamientodeharia.com\/haria\/?p=2320"},"modified":"2015-08-31T09:10:12","modified_gmt":"2015-08-31T09:10:12","slug":"el-ayuntamiento-de-haria-felicita-a-dona-margarita-barrera-por-su-101-cumpleanos","status":"publish","type":"post","link":"https:\/\/www.ayuntamientodeharia.com\/haria\/el-ayuntamiento-de-haria-felicita-a-dona-margarita-barrera-por-su-101-cumpleanos\/","title":{"rendered":"El Ayuntamiento de Har\u00eda felicita a do\u00f1a Margarita Barrera por su 101 cumplea\u00f1os"},"content":{"rendered":"<h6 style=\"font-weight: inherit;\"><strong style=\"font-weight: bold; font-style: inherit; color: inherit;\">El alcalde, Marciano Acu\u00f1a, y la concejala de la Tercera Edad, Auxiliadora Fern\u00e1ndez, destacan la envidiable vitalidad de esta hariana<\/strong><\/h6>\n<p>&nbsp;<\/p>\n<p><a style=\"font-weight: inherit; font-style: inherit; color: #1b8be0;\" href=\"http:\/\/www.ayuntamientodeharia.com\/haria\/wp-content\/uploads\/2015\/08\/margarita-barrera.jpg\"><img fetchpriority=\"high\" decoding=\"async\" class=\"alignleft size-medium wp-image-2263\" style=\"font-weight: inherit; font-style: inherit; color: inherit;\" src=\"http:\/\/www.ayuntamientodeharia.com\/haria\/wp-content\/uploads\/2015\/08\/margarita-barrera-300x190.jpg\" alt=\"margarita barrera\" width=\"300\" height=\"190\" srcset=\"https:\/\/www.ayuntamientodeharia.com\/haria\/wp-content\/uploads\/2015\/08\/margarita-barrera-300x190.jpg 300w, https:\/\/www.ayuntamientodeharia.com\/haria\/wp-content\/uploads\/2015\/08\/margarita-barrera-1024x651.jpg 1024w, https:\/\/www.ayuntamientodeharia.com\/haria\/wp-content\/uploads\/2015\/08\/margarita-barrera.jpg 1783w\" sizes=\"(max-width: 300px) 100vw, 300px\" \/><\/a>Do\u00f1a Margarita Barrera, natural de Har\u00eda, cumpl\u00eda la semana pasada 101 a\u00f1os de edad, celebr\u00e1ndolo en un restaurante del municipio norte\u00f1o rodeada de sus familiares y amigos. Al evento acudieron tambi\u00e9n el alcalde de Har\u00eda, Marciano Acu\u00f1a, y la concejala de la Tercera Edad del Ayuntamiento, Auxiliadora Fern\u00e1ndez. Se trata de una mujer a la que le ha tocado vivir todo tipo de situaciones, tanto buenas como malas.<\/p>\n<p>&nbsp;<\/p>\n<p>&nbsp;<\/p>\n<p>Sin embargo, y a pesar de las dificultades econ\u00f3micas sufridas, se siente afortunada de haber podido crear una estupenda familia y un hogar, as\u00ed como de llegar a los 101 a\u00f1os de edad conservando todos sus recuerdos y disfrutando de una buena salud. \u201cTodos quieren la receta y no tengo para todos\u201d, afirma jocosamente Margarita. De joven fue panadera con su padre, con quien se recorr\u00eda las calles de Har\u00eda M\u00e1guez y Ye con una cesta para vender el pan. Con 17 a\u00f1os se qued\u00f3 hu\u00e9rfana de madre y tuvo que encargarse del cuidado de sus cuatro hermanas -es la \u00fanica de todos sus hermanos que vive actualmente-.<\/p>\n<p><!--more--><\/p>\n<p>&nbsp;<\/p>\n<p><a style=\"font-weight: inherit; font-style: inherit; color: #1b8be0;\" href=\"http:\/\/www.ayuntamientodeharia.com\/haria\/wp-content\/uploads\/2015\/08\/margarita-barrera2.jpg\"><img decoding=\"async\" class=\"alignleft size-medium wp-image-2264\" style=\"font-weight: inherit; font-style: inherit; color: inherit;\" src=\"http:\/\/www.ayuntamientodeharia.com\/haria\/wp-content\/uploads\/2015\/08\/margarita-barrera2-300x280.jpg\" alt=\"margarita barrera2\" width=\"300\" height=\"280\" srcset=\"https:\/\/www.ayuntamientodeharia.com\/haria\/wp-content\/uploads\/2015\/08\/margarita-barrera2-300x280.jpg 300w, https:\/\/www.ayuntamientodeharia.com\/haria\/wp-content\/uploads\/2015\/08\/margarita-barrera2.jpg 862w\" sizes=\"(max-width: 300px) 100vw, 300px\" \/><\/a>Posteriormente, con 22 a\u00f1os de edad, se cas\u00f3 con Juli\u00e1n, tambi\u00e9n natural del pueblo de Har\u00eda, quien tuvo que marchar a la Guerra Civil en 1936. Durante la guerra, Margarita vivi\u00f3 en Las Palmas de Gran Canaria, donde se encontraban sus hermanas. Mientras dur\u00f3, Juli\u00e1n solo vino una vez de vacaciones y \u00fanicamente pudo pasar un d\u00eda con su mujer. \u201cRecuerdo que ese d\u00eda estaba en mi casa y por la noche se lo llevaron, para no tener que ir las mujeres a lamentarse al muelle\u201d, se\u00f1ala esta hariana centenaria. \u201cSe pas\u00f3 mucha hambre; para ir a buscar un cuarto de kilo de az\u00facar ten\u00edamos que ir al Puerto de Las Palmas en fila, y ahora tienen de todo y les parece poco\u201d, a\u00f1ade.<\/p>\n<p>&nbsp;<\/p>\n<p>&nbsp;<\/p>\n<p>Tras la Guerra Civil, Margarita estuvo viviendo entre Gran Canaria y Lanzarote, hasta que decidi\u00f3 volver a su isla natal. Cuando su hijo mayor ten\u00eda ya 14 a\u00f1os, decidieron instalarse en las casas baratas, por debajo de la antigua Conservera de Garavilla. Juli\u00e1n comenz\u00f3 a trabajar de vigilante en el muelle de Los M\u00e1rmoles y posteriormente tambi\u00e9n en el Islote del amor. \u201cEn aquella \u00e9poca yo iba por la noche caminando a llevarle la cena y a acompa\u00f1arle\u201d, comenta la homenajeada. A pesar de que sus viajes a Gran Canaria eran frecuentes, la pareja decidi\u00f3 construir una habitaci\u00f3n en Altavista, en contra de la opini\u00f3n de la gente, que le dec\u00eda que esa casa \u201cser\u00eda para los cuervos\u201d, pues no hab\u00eda nadie por aquel entonces. A\u00fan as\u00ed, decidieron seguir adelante con su idea, aunque continuaron viviendo en las casas baratas con esteras y sin agua, pues Margarita iba a lavar las mantas a las antiguas salinas de Arrecife.<\/p>\n<p>&nbsp;<\/p>\n<p>&nbsp;<\/p>\n<p>Una vez que sus hijos fueron creciendo, el matrimonio decidi\u00f3 continuar construyendo en Altavista, donde se trasladaron a vivir ah\u00ed hasta el d\u00eda de hoy, cuando ya han pasado 60 a\u00f1os. A pesar de que resid\u00eda en Arrecife, la pareja iba espor\u00e1dicamente a la casa de Har\u00eda, herencia del padre de Margarita, en la calle San Juan. Ambos se dedicaban a cuidar el terreno y los animales, pues antiguamente se buscaba la manera de ganar dinero a trav\u00e9s de ello. \u201cJuli\u00e1n ten\u00eda un camello que lo utiliz\u00e1- bamos para ir a buscar batatas y luego venderlas\u201d, explica nuestra protagonista. Actualmente Margarita es viuda, pues Juli\u00e1n falleci\u00f3 a causa de una grave enfermedad.<\/p>\n<p>&nbsp;<\/p>\n<p>&nbsp;<\/p>\n<p>A pesar de las adversidades, considera que no le ha faltado nada por vivir. \u201cMe ha ido muy bien y mis hijos me cuidan mucho\u201d. La concejala de la Tercera Edad, Auxiliadora Fern\u00e1ndez, asegura que es \u201cmaravilloso poder conocer la historia de Margarita, una se\u00f1ora que nos puede dar a todos lecciones de vida; la primera y la m\u00e1s importante, tener ganas de vivir\u201d. Y es que a todos sorprende la vitalidad y la habilidad mental que a\u00fan conserva esta mujer, as\u00ed como su destreza f\u00edsica. Desde el Ayuntamiento de Har\u00eda queremos desearle a do\u00f1a Margarita Barrera que cumpla muchos a\u00f1os m\u00e1s y que conserve la fortaleza con la que ha vivido todos estos a\u00f1os.<\/p>\n","protected":false},"excerpt":{"rendered":"<p>El alcalde, Marciano Acu\u00f1a, y la concejala de la Tercera Edad, Auxiliadora Fern\u00e1ndez, destacan la envidiable vitalidad de esta hariana &nbsp; Do\u00f1a Margarita Barrera, natural de Har\u00eda, cumpl\u00eda la semana pasada 101 a\u00f1os de edad, celebr\u00e1ndolo en un restaurante del municipio norte\u00f1o rodeada de sus familiares y amigos. Al evento acudieron tambi\u00e9n el alcalde de [&hellip;]<\/p>\n","protected":false},"author":2,"featured_media":0,"comment_status":"closed","ping_status":"closed","sticky":false,"template":"","format":"standard","meta":{"footnotes":""},"categories":[11,61],"tags":[],"class_list":["post-2320","post","type-post","status-publish","format-standard","hentry","category-hoja-de-haria","category-tercera-edad"],"_links":{"self":[{"href":"https:\/\/www.ayuntamientodeharia.com\/haria\/wp-json\/wp\/v2\/posts\/2320","targetHints":{"allow":["GET"]}}],"collection":[{"href":"https:\/\/www.ayuntamientodeharia.com\/haria\/wp-json\/wp\/v2\/posts"}],"about":[{"href":"https:\/\/www.ayuntamientodeharia.com\/haria\/wp-json\/wp\/v2\/types\/post"}],"author":[{"embeddable":true,"href":"https:\/\/www.ayuntamientodeharia.com\/haria\/wp-json\/wp\/v2\/users\/2"}],"replies":[{"embeddable":true,"href":"https:\/\/www.ayuntamientodeharia.com\/haria\/wp-json\/wp\/v2\/comments?post=2320"}],"version-history":[{"count":0,"href":"https:\/\/www.ayuntamientodeharia.com\/haria\/wp-json\/wp\/v2\/posts\/2320\/revisions"}],"wp:attachment":[{"href":"https:\/\/www.ayuntamientodeharia.com\/haria\/wp-json\/wp\/v2\/media?parent=2320"}],"wp:term":[{"taxonomy":"category","embeddable":true,"href":"https:\/\/www.ayuntamientodeharia.com\/haria\/wp-json\/wp\/v2\/categories?post=2320"},{"taxonomy":"post_tag","embeddable":true,"href":"https:\/\/www.ayuntamientodeharia.com\/haria\/wp-json\/wp\/v2\/tags?post=2320"}],"curies":[{"name":"wp","href":"https:\/\/api.w.org\/{rel}","templated":true}]}}