{"id":23176,"date":"2022-07-01T12:57:21","date_gmt":"2022-07-01T11:57:21","guid":{"rendered":"https:\/\/www.ayuntamientodeharia.com\/haria\/?p=23176"},"modified":"2022-07-01T12:57:21","modified_gmt":"2022-07-01T11:57:21","slug":"carta-a-los-vecinos-de-haria","status":"publish","type":"post","link":"https:\/\/www.ayuntamientodeharia.com\/haria\/carta-a-los-vecinos-de-haria\/","title":{"rendered":"Carta a los vecinos de Har\u00eda"},"content":{"rendered":"<p>Carta a los vecinos de Har\u00eda<\/p>\n<p>Querida familia:<\/p>\n<p>&nbsp;<\/p>\n<p>Familia, s\u00ed, porque eso son ustedes para m\u00ed. As\u00ed es c\u00f3mo me han hecho sentir desde que en noviembre de 2020 asum\u00ed la enorme responsabilidad de ser la alcaldesa del municipio que me vio nacer y convertirme en la persona que hoy ven.<\/p>\n<p>&nbsp;<\/p>\n<p>Una persona m\u00e1s de este maravilloso pueblo, con mis virtudes y aciertos, pero tambi\u00e9n con mis defectos, mis errores y mis miedos; como le ocurre a cualquier ser humano.<\/p>\n<p>&nbsp;<\/p>\n<p>A lo largo de este tiempo en el que he tenido la gran oportunidad de ser la alcaldesa de Har\u00eda, he aprendido de todos ustedes y tengo que seguir aprendiendo porque a\u00fan nos queda mucho camino que recorrer juntos.<\/p>\n<p>&nbsp;<\/p>\n<p>Esta no es una carta de despedida, no, es una carta de agradecimiento por la confianza forjada, las sonrisas recibidas, la paciencia infinita, la comprensi\u00f3n eterna e incluso los tirones de orejas.<\/p>\n<p>&nbsp;<\/p>\n<p>Agradecimiento infinito a todo mi pueblo por hacerme sentir \u00fatil, por dejar que aportara mi granito de arena con la \u00fanica intenci\u00f3n de mejorar la calidad de vida de quienes vivimos en Har\u00eda.<\/p>\n<p>&nbsp;<\/p>\n<p>Han pasado muchas cosas desde ese mes de noviembre de 2020 en el que, temblorosa (s\u00ed, temblorosa, lo reconozco), sosten\u00eda por primera vez el bast\u00f3n de mando.<\/p>\n<p>&nbsp;<\/p>\n<p>Las consecuencias de la pandemia de la Covid-19 y las situaciones derivadas de la masiva llegada de pateras a nuestra costa en los \u00faltimos tiempos, han restado protagonismo medi\u00e1tico a nuestro d\u00eda a d\u00eda.<\/p>\n<p>&nbsp;<\/p>\n<p>Pero, por suerte, he podido contar con un gran equipo, que no ha perdido la perspectiva y que ha sido consciente de las necesidades de Har\u00eda. Y por Har\u00eda hemos trabajado, como lo vamos a seguir haciendo.<\/p>\n<p>&nbsp;<\/p>\n<p>Dejo de ser alcaldesa porque as\u00ed lo promet\u00ed cuando tom\u00e9 posesi\u00f3n hace 17 meses (embarazo incluido), y porque as\u00ed se recoge en el acuerdo de gobernabilidad que mi partido, Coalici\u00f3n Canaria, firm\u00f3 con la PMH; pero continuar\u00e9 estando aqu\u00ed, atendiendo y ayudando a quien lo necesite.<\/p>\n<p>&nbsp;<\/p>\n<p>Como cargo p\u00fablico sigo teniendo la gran responsabilidad de trabajar y velar por los intereses y el bienestar de mi gente, y lo voy a seguir haciendo de todo coraz\u00f3n.<\/p>\n<p>&nbsp;<\/p>\n<p>\u00a1Cuenten conmigo para lo que necesiten!<\/p>\n<p>&nbsp;<\/p>\n<p>Gracias, por haberme guiado en este dif\u00edcil pero satisfactorio camino.<\/p>\n<p>&nbsp;<\/p>\n<p><strong>Chaxiraxi Niz Guadalupe, exalcaldesa del Ayuntamiento de Har\u00eda<\/strong><\/p>\n","protected":false},"excerpt":{"rendered":"<p>Carta a los vecinos de Har\u00eda Querida familia: &nbsp; Familia, s\u00ed, porque eso son ustedes para m\u00ed. As\u00ed es c\u00f3mo me han hecho sentir desde que en noviembre de 2020 asum\u00ed la enorme responsabilidad de ser la alcaldesa del municipio que me vio nacer y convertirme en la persona que hoy ven. &nbsp; Una persona [&hellip;]<\/p>\n","protected":false},"author":13,"featured_media":23177,"comment_status":"closed","ping_status":"closed","sticky":false,"template":"","format":"standard","meta":{"footnotes":""},"categories":[73,425,11],"tags":[],"class_list":["post-23176","post","type-post","status-publish","format-standard","has-post-thumbnail","hentry","category-alcaldia","category-destacado","category-hoja-de-haria"],"_links":{"self":[{"href":"https:\/\/www.ayuntamientodeharia.com\/haria\/wp-json\/wp\/v2\/posts\/23176","targetHints":{"allow":["GET"]}}],"collection":[{"href":"https:\/\/www.ayuntamientodeharia.com\/haria\/wp-json\/wp\/v2\/posts"}],"about":[{"href":"https:\/\/www.ayuntamientodeharia.com\/haria\/wp-json\/wp\/v2\/types\/post"}],"author":[{"embeddable":true,"href":"https:\/\/www.ayuntamientodeharia.com\/haria\/wp-json\/wp\/v2\/users\/13"}],"replies":[{"embeddable":true,"href":"https:\/\/www.ayuntamientodeharia.com\/haria\/wp-json\/wp\/v2\/comments?post=23176"}],"version-history":[{"count":2,"href":"https:\/\/www.ayuntamientodeharia.com\/haria\/wp-json\/wp\/v2\/posts\/23176\/revisions"}],"predecessor-version":[{"id":23179,"href":"https:\/\/www.ayuntamientodeharia.com\/haria\/wp-json\/wp\/v2\/posts\/23176\/revisions\/23179"}],"wp:featuredmedia":[{"embeddable":true,"href":"https:\/\/www.ayuntamientodeharia.com\/haria\/wp-json\/wp\/v2\/media\/23177"}],"wp:attachment":[{"href":"https:\/\/www.ayuntamientodeharia.com\/haria\/wp-json\/wp\/v2\/media?parent=23176"}],"wp:term":[{"taxonomy":"category","embeddable":true,"href":"https:\/\/www.ayuntamientodeharia.com\/haria\/wp-json\/wp\/v2\/categories?post=23176"},{"taxonomy":"post_tag","embeddable":true,"href":"https:\/\/www.ayuntamientodeharia.com\/haria\/wp-json\/wp\/v2\/tags?post=23176"}],"curies":[{"name":"wp","href":"https:\/\/api.w.org\/{rel}","templated":true}]}}