{"id":23173,"date":"2022-07-01T12:55:57","date_gmt":"2022-07-01T11:55:57","guid":{"rendered":"https:\/\/www.ayuntamientodeharia.com\/haria\/?p=23173"},"modified":"2022-07-01T12:55:57","modified_gmt":"2022-07-01T11:55:57","slug":"concluyen-las-fiestas-en-honor-a-san-pedro-celebradas-en-el-pueblo-de-maguez","status":"publish","type":"post","link":"https:\/\/www.ayuntamientodeharia.com\/haria\/concluyen-las-fiestas-en-honor-a-san-pedro-celebradas-en-el-pueblo-de-maguez\/","title":{"rendered":"Concluyen las fiestas en honor a San Pedro celebradas en el pueblo de M\u00e1guez"},"content":{"rendered":"<p>El Ayuntamiento de Har\u00eda puso fin el pasado 27 de junio a las fiestas en honor a San Pedro, celebradas en el pueblo de M\u00e1guez.<\/p>\n<p>El calendario de actos abarc\u00f3 cinco actos, repartidos entre el 25 y el 27 de julio, y el pueblo acogi\u00f3 a numerosos vecinos y vecinas del municipio en unas celebraciones que contaron con talleres, m\u00fasica, verbena, una excursi\u00f3n, concursos y la tradicional ceremonia de procesi\u00f3n y la misa.<\/p>\n<p>El concejal de Festejos, Alejandro Hern\u00e1ndez, agradeci\u00f3 la participaci\u00f3n y acogida de la ciudadan\u00eda y traslad\u00f3 sus felicitaciones \u00a0al Centro Democr\u00e1tico de M\u00e1guez y a la Comisi\u00f3n de Fiestas por su labor \u201cen unas fiestas como las de antes\u201d.<\/p>\n<p>\u201cEsperamos que todos y todas hayan disfrutado de unas fiestas agradables, que hayan sentido la uni\u00f3n del pueblo y que en los pr\u00f3ximos a\u00f1os volvamos a contar con vuestra presencia\u201d, concluy\u00f3 el concejal.<\/p>\n<p>&nbsp;<\/p>\n","protected":false},"excerpt":{"rendered":"<p>El Ayuntamiento de Har\u00eda puso fin el pasado 27 de junio a las fiestas en honor a San Pedro, celebradas en el pueblo de M\u00e1guez. El calendario de actos abarc\u00f3 cinco actos, repartidos entre el 25 y el 27 de julio, y el pueblo acogi\u00f3 a numerosos vecinos y vecinas del municipio en unas celebraciones [&hellip;]<\/p>\n","protected":false},"author":13,"featured_media":23174,"comment_status":"closed","ping_status":"closed","sticky":false,"template":"","format":"standard","meta":{"footnotes":""},"categories":[425,15,11],"tags":[],"class_list":["post-23173","post","type-post","status-publish","format-standard","has-post-thumbnail","hentry","category-destacado","category-festejos","category-hoja-de-haria"],"_links":{"self":[{"href":"https:\/\/www.ayuntamientodeharia.com\/haria\/wp-json\/wp\/v2\/posts\/23173","targetHints":{"allow":["GET"]}}],"collection":[{"href":"https:\/\/www.ayuntamientodeharia.com\/haria\/wp-json\/wp\/v2\/posts"}],"about":[{"href":"https:\/\/www.ayuntamientodeharia.com\/haria\/wp-json\/wp\/v2\/types\/post"}],"author":[{"embeddable":true,"href":"https:\/\/www.ayuntamientodeharia.com\/haria\/wp-json\/wp\/v2\/users\/13"}],"replies":[{"embeddable":true,"href":"https:\/\/www.ayuntamientodeharia.com\/haria\/wp-json\/wp\/v2\/comments?post=23173"}],"version-history":[{"count":1,"href":"https:\/\/www.ayuntamientodeharia.com\/haria\/wp-json\/wp\/v2\/posts\/23173\/revisions"}],"predecessor-version":[{"id":23175,"href":"https:\/\/www.ayuntamientodeharia.com\/haria\/wp-json\/wp\/v2\/posts\/23173\/revisions\/23175"}],"wp:featuredmedia":[{"embeddable":true,"href":"https:\/\/www.ayuntamientodeharia.com\/haria\/wp-json\/wp\/v2\/media\/23174"}],"wp:attachment":[{"href":"https:\/\/www.ayuntamientodeharia.com\/haria\/wp-json\/wp\/v2\/media?parent=23173"}],"wp:term":[{"taxonomy":"category","embeddable":true,"href":"https:\/\/www.ayuntamientodeharia.com\/haria\/wp-json\/wp\/v2\/categories?post=23173"},{"taxonomy":"post_tag","embeddable":true,"href":"https:\/\/www.ayuntamientodeharia.com\/haria\/wp-json\/wp\/v2\/tags?post=23173"}],"curies":[{"name":"wp","href":"https:\/\/api.w.org\/{rel}","templated":true}]}}