{"id":23166,"date":"2022-07-01T12:50:44","date_gmt":"2022-07-01T11:50:44","guid":{"rendered":"https:\/\/www.ayuntamientodeharia.com\/haria\/?p=23166"},"modified":"2022-07-01T12:50:44","modified_gmt":"2022-07-01T11:50:44","slug":"el-ayuntamiento-adquiere-un-nuevo-vehiculo-para-actuaciones-en-la-red-electrica-de-haria","status":"publish","type":"post","link":"https:\/\/www.ayuntamientodeharia.com\/haria\/el-ayuntamiento-adquiere-un-nuevo-vehiculo-para-actuaciones-en-la-red-electrica-de-haria\/","title":{"rendered":"El Ayuntamiento adquiere un nuevo veh\u00edculo para actuaciones en la red el\u00e9ctrica de Har\u00eda"},"content":{"rendered":"<p>El Ayuntamiento de Har\u00eda, a trav\u00e9s del Parque M\u00f3vil, que coordina Armando Bonilla, ha adquirido esta semana un nuevo furg\u00f3n, destinado espec\u00edficamente a actuaciones en la red el\u00e9ctrica y alumbrado p\u00fablico del municipio.<\/p>\n<p>El concejal del \u00c1rea, Armando Bonilla, explic\u00f3 que este veh\u00edculo es un furg\u00f3n cerrado, que cuenta con gr\u00faa cesta aislada el\u00e9ctricamente para una persona, permitiendo garantizar la seguridad de los trabajadores durante las labores que desempe\u00f1en.<\/p>\n","protected":false},"excerpt":{"rendered":"<p>El Ayuntamiento de Har\u00eda, a trav\u00e9s del Parque M\u00f3vil, que coordina Armando Bonilla, ha adquirido esta semana un nuevo furg\u00f3n, destinado espec\u00edficamente a actuaciones en la red el\u00e9ctrica y alumbrado p\u00fablico del municipio. El concejal del \u00c1rea, Armando Bonilla, explic\u00f3 que este veh\u00edculo es un furg\u00f3n cerrado, que cuenta con gr\u00faa cesta aislada el\u00e9ctricamente para [&hellip;]<\/p>\n","protected":false},"author":13,"featured_media":23167,"comment_status":"closed","ping_status":"closed","sticky":false,"template":"","format":"standard","meta":{"footnotes":""},"categories":[11],"tags":[],"class_list":["post-23166","post","type-post","status-publish","format-standard","has-post-thumbnail","hentry","category-hoja-de-haria"],"_links":{"self":[{"href":"https:\/\/www.ayuntamientodeharia.com\/haria\/wp-json\/wp\/v2\/posts\/23166","targetHints":{"allow":["GET"]}}],"collection":[{"href":"https:\/\/www.ayuntamientodeharia.com\/haria\/wp-json\/wp\/v2\/posts"}],"about":[{"href":"https:\/\/www.ayuntamientodeharia.com\/haria\/wp-json\/wp\/v2\/types\/post"}],"author":[{"embeddable":true,"href":"https:\/\/www.ayuntamientodeharia.com\/haria\/wp-json\/wp\/v2\/users\/13"}],"replies":[{"embeddable":true,"href":"https:\/\/www.ayuntamientodeharia.com\/haria\/wp-json\/wp\/v2\/comments?post=23166"}],"version-history":[{"count":2,"href":"https:\/\/www.ayuntamientodeharia.com\/haria\/wp-json\/wp\/v2\/posts\/23166\/revisions"}],"predecessor-version":[{"id":23169,"href":"https:\/\/www.ayuntamientodeharia.com\/haria\/wp-json\/wp\/v2\/posts\/23166\/revisions\/23169"}],"wp:featuredmedia":[{"embeddable":true,"href":"https:\/\/www.ayuntamientodeharia.com\/haria\/wp-json\/wp\/v2\/media\/23167"}],"wp:attachment":[{"href":"https:\/\/www.ayuntamientodeharia.com\/haria\/wp-json\/wp\/v2\/media?parent=23166"}],"wp:term":[{"taxonomy":"category","embeddable":true,"href":"https:\/\/www.ayuntamientodeharia.com\/haria\/wp-json\/wp\/v2\/categories?post=23166"},{"taxonomy":"post_tag","embeddable":true,"href":"https:\/\/www.ayuntamientodeharia.com\/haria\/wp-json\/wp\/v2\/tags?post=23166"}],"curies":[{"name":"wp","href":"https:\/\/api.w.org\/{rel}","templated":true}]}}