{"id":23163,"date":"2022-07-01T12:49:22","date_gmt":"2022-07-01T11:49:22","guid":{"rendered":"https:\/\/www.ayuntamientodeharia.com\/haria\/?p=23163"},"modified":"2022-07-01T12:49:22","modified_gmt":"2022-07-01T11:49:22","slug":"el-punto-joven-combina-la-actividad-fisica-y-la-diversion-en-la-pateus-nocturnus-la-garita","status":"publish","type":"post","link":"https:\/\/www.ayuntamientodeharia.com\/haria\/el-punto-joven-combina-la-actividad-fisica-y-la-diversion-en-la-pateus-nocturnus-la-garita\/","title":{"rendered":"El Punto Joven combina la actividad f\u00edsica y la diversi\u00f3n en la Pateus Nocturnus \u2018La Garita\u2019"},"content":{"rendered":"<p>El Ayuntamiento de Har\u00eda, a trav\u00e9s del Punto Joven, que coordina Evelia Garc\u00eda, organizar\u00e1 el pr\u00f3ximo viernes, 15 de julio, una nueva edici\u00f3n de las caminatas \u2018Pateus Nocturnus\u2019. La\u00a0ruta \u2018La Garita\u2019 se llevar\u00e1 a cabo de forma circular por la zona de la Playa de La Garita y contar\u00e1 con una actividad de cuentacuentos a cargo de Isabel Cabrera, quien se encargar\u00e1 de har\u00e1 volar la imaginaci\u00f3n de los participantes mientras estos disfrutan de la naturaleza.<\/p>\n<p>La salida ser\u00e1 a las\u00a020:00 horas desde la Playa de La Garita, en Arrieta.\u00a0El recorrido tendr\u00e1 una duraci\u00f3n de unas dos horas y estar\u00e1 indicado para cualquier persona que quiera disfrutar de un paseo nocturno. Los asistentes tienen que llevar agua, linterna, ropa y calzado c\u00f3modo. Los menores de 12 a\u00f1os deber\u00e1n ir acompa\u00f1ados por un adulto.<\/p>\n<p>Las personas interesadas en acudir a la caminata deber\u00e1n inscribirse\u00a0a partir\u00a0de las 8:00 horas del martes, 12 de julio,\u00a0en la Agenda de la web\u00a0www.juventudharia.es. Las plazas son limitadas y se ir\u00e1n cubriendo por orden de inscripci\u00f3n.\u00a0Para m\u00e1s informaci\u00f3n pueden contactar en el tel\u00e9fono 928835009 extensi\u00f3n 6, al 637893535\u00a0o en\u00a0<a href=\"mailto:juventud@ayuntamientodeharia.com\">juventud@ayuntamientodeharia.com<\/a>.<\/p>\n","protected":false},"excerpt":{"rendered":"<p>El Ayuntamiento de Har\u00eda, a trav\u00e9s del Punto Joven, que coordina Evelia Garc\u00eda, organizar\u00e1 el pr\u00f3ximo viernes, 15 de julio, una nueva edici\u00f3n de las caminatas \u2018Pateus Nocturnus\u2019. La\u00a0ruta \u2018La Garita\u2019 se llevar\u00e1 a cabo de forma circular por la zona de la Playa de La Garita y contar\u00e1 con una actividad de cuentacuentos a [&hellip;]<\/p>\n","protected":false},"author":13,"featured_media":23091,"comment_status":"closed","ping_status":"closed","sticky":false,"template":"","format":"standard","meta":{"footnotes":""},"categories":[32,11,25],"tags":[],"class_list":["post-23163","post","type-post","status-publish","format-standard","has-post-thumbnail","hentry","category-anuncios","category-hoja-de-haria","category-juventud"],"_links":{"self":[{"href":"https:\/\/www.ayuntamientodeharia.com\/haria\/wp-json\/wp\/v2\/posts\/23163","targetHints":{"allow":["GET"]}}],"collection":[{"href":"https:\/\/www.ayuntamientodeharia.com\/haria\/wp-json\/wp\/v2\/posts"}],"about":[{"href":"https:\/\/www.ayuntamientodeharia.com\/haria\/wp-json\/wp\/v2\/types\/post"}],"author":[{"embeddable":true,"href":"https:\/\/www.ayuntamientodeharia.com\/haria\/wp-json\/wp\/v2\/users\/13"}],"replies":[{"embeddable":true,"href":"https:\/\/www.ayuntamientodeharia.com\/haria\/wp-json\/wp\/v2\/comments?post=23163"}],"version-history":[{"count":2,"href":"https:\/\/www.ayuntamientodeharia.com\/haria\/wp-json\/wp\/v2\/posts\/23163\/revisions"}],"predecessor-version":[{"id":23165,"href":"https:\/\/www.ayuntamientodeharia.com\/haria\/wp-json\/wp\/v2\/posts\/23163\/revisions\/23165"}],"wp:featuredmedia":[{"embeddable":true,"href":"https:\/\/www.ayuntamientodeharia.com\/haria\/wp-json\/wp\/v2\/media\/23091"}],"wp:attachment":[{"href":"https:\/\/www.ayuntamientodeharia.com\/haria\/wp-json\/wp\/v2\/media?parent=23163"}],"wp:term":[{"taxonomy":"category","embeddable":true,"href":"https:\/\/www.ayuntamientodeharia.com\/haria\/wp-json\/wp\/v2\/categories?post=23163"},{"taxonomy":"post_tag","embeddable":true,"href":"https:\/\/www.ayuntamientodeharia.com\/haria\/wp-json\/wp\/v2\/tags?post=23163"}],"curies":[{"name":"wp","href":"https:\/\/api.w.org\/{rel}","templated":true}]}}