{"id":23155,"date":"2022-07-01T12:46:54","date_gmt":"2022-07-01T11:46:54","guid":{"rendered":"https:\/\/www.ayuntamientodeharia.com\/haria\/?p=23155"},"modified":"2022-07-01T12:46:54","modified_gmt":"2022-07-01T11:46:54","slug":"el-ayuntamiento-de-haria-felicita-al-vecino-pedro-placeres-en-su-102-cumpleanos","status":"publish","type":"post","link":"https:\/\/www.ayuntamientodeharia.com\/haria\/el-ayuntamiento-de-haria-felicita-al-vecino-pedro-placeres-en-su-102-cumpleanos\/","title":{"rendered":"El Ayuntamiento de Har\u00eda felicita al vecino Pedro Placeres en su 102 cumplea\u00f1os"},"content":{"rendered":"<p>El Ayuntamiento de Har\u00eda transmiti\u00f3 sus felicitaciones al vecino Pedro Placeres en la celebraci\u00f3n de su 102 cumplea\u00f1os. El pasado 29 de junio, precisamente en el D\u00eda de San Pedro, el ciudadano de Mala alcanz\u00f3 los 102 a\u00f1os, siendo un comerciante muy reconocido en el norte y una de las personas con m\u00e1s edad del municipio.<\/p>\n<p>La alcaldesa de Har\u00eda, Chaxiraxi Niz, dedic\u00f3 unas palabras para felicitar a Pedro Placeres, un vecino que \u201cmantiene la sonrisa y las ganas de vivir en su avanzada edad y que durante muchos a\u00f1os duros fue una pieza clave para el municipio de Har\u00eda, en \u00e9pocas de escasez en las que su tienda sirvi\u00f3 para que, a trav\u00e9s de trueques y del altruismo de Pedro, las familias m\u00e1s necesitadas pudieran salir adelante\u201d.<\/p>\n<p>\u201cTambi\u00e9n ser\u00e1 recordado por las rosetas que permitieron que muchas mujeres, trabajadoras incansables en el hogar, tuvieran una peque\u00f1a aportaci\u00f3n econ\u00f3mica propia\u201d, destac\u00f3 la regidora.<\/p>\n<p>\u201cPor este d\u00eda tan especial y porque podamos seguir visit\u00e1ndole mucho tiempo m\u00e1s, y siempre con una sonrisa. Es usted una fuente de inspiraci\u00f3n por su sabidur\u00eda y por lo que representa para Har\u00eda\u201d, concluy\u00f3 Niz.<\/p>\n<p>&nbsp;<\/p>\n","protected":false},"excerpt":{"rendered":"<p>El Ayuntamiento de Har\u00eda transmiti\u00f3 sus felicitaciones al vecino Pedro Placeres en la celebraci\u00f3n de su 102 cumplea\u00f1os. El pasado 29 de junio, precisamente en el D\u00eda de San Pedro, el ciudadano de Mala alcanz\u00f3 los 102 a\u00f1os, siendo un comerciante muy reconocido en el norte y una de las personas con m\u00e1s edad del [&hellip;]<\/p>\n","protected":false},"author":13,"featured_media":23156,"comment_status":"closed","ping_status":"closed","sticky":false,"template":"","format":"standard","meta":{"footnotes":""},"categories":[73,11],"tags":[],"class_list":["post-23155","post","type-post","status-publish","format-standard","has-post-thumbnail","hentry","category-alcaldia","category-hoja-de-haria"],"_links":{"self":[{"href":"https:\/\/www.ayuntamientodeharia.com\/haria\/wp-json\/wp\/v2\/posts\/23155","targetHints":{"allow":["GET"]}}],"collection":[{"href":"https:\/\/www.ayuntamientodeharia.com\/haria\/wp-json\/wp\/v2\/posts"}],"about":[{"href":"https:\/\/www.ayuntamientodeharia.com\/haria\/wp-json\/wp\/v2\/types\/post"}],"author":[{"embeddable":true,"href":"https:\/\/www.ayuntamientodeharia.com\/haria\/wp-json\/wp\/v2\/users\/13"}],"replies":[{"embeddable":true,"href":"https:\/\/www.ayuntamientodeharia.com\/haria\/wp-json\/wp\/v2\/comments?post=23155"}],"version-history":[{"count":2,"href":"https:\/\/www.ayuntamientodeharia.com\/haria\/wp-json\/wp\/v2\/posts\/23155\/revisions"}],"predecessor-version":[{"id":23158,"href":"https:\/\/www.ayuntamientodeharia.com\/haria\/wp-json\/wp\/v2\/posts\/23155\/revisions\/23158"}],"wp:featuredmedia":[{"embeddable":true,"href":"https:\/\/www.ayuntamientodeharia.com\/haria\/wp-json\/wp\/v2\/media\/23156"}],"wp:attachment":[{"href":"https:\/\/www.ayuntamientodeharia.com\/haria\/wp-json\/wp\/v2\/media?parent=23155"}],"wp:term":[{"taxonomy":"category","embeddable":true,"href":"https:\/\/www.ayuntamientodeharia.com\/haria\/wp-json\/wp\/v2\/categories?post=23155"},{"taxonomy":"post_tag","embeddable":true,"href":"https:\/\/www.ayuntamientodeharia.com\/haria\/wp-json\/wp\/v2\/tags?post=23155"}],"curies":[{"name":"wp","href":"https:\/\/api.w.org\/{rel}","templated":true}]}}