{"id":23148,"date":"2022-07-01T12:44:51","date_gmt":"2022-07-01T11:44:51","guid":{"rendered":"https:\/\/www.ayuntamientodeharia.com\/haria\/?p=23148"},"modified":"2022-07-01T12:44:51","modified_gmt":"2022-07-01T11:44:51","slug":"haria-acoge-el-festival-internacional-de-arte-contemporaneo-clash-2022","status":"publish","type":"post","link":"https:\/\/www.ayuntamientodeharia.com\/haria\/haria-acoge-el-festival-internacional-de-arte-contemporaneo-clash-2022\/","title":{"rendered":"Har\u00eda acoge el Festival Internacional de Arte Contempor\u00e1neo \u2018Clash 2022\u2019"},"content":{"rendered":"<p>El Ayuntamiento de Har\u00eda, a trav\u00e9s del \u00c1rea de Cultura, que coordina Evelia Garc\u00eda, organizar\u00e1 a partir del 2 de julio el Festival Internacional de Arte Contempor\u00e1neo \u2018Clash 2022\u2019. De la mano de Lacuna Festivals, 200 artistas que representan a 70 pa\u00edses se dar\u00e1n cita en una exposici\u00f3n ubicada en la Sala \u2018El Aljibe\u2019.<\/p>\n<p>En esta cuarta edici\u00f3n de los Lacuna Festivals, el p\u00fablico podr\u00e1 disfrutar de Bellas Artes (pintura, escultura y dibujo), Videoarte, Animaci\u00f3n, Moda, Palabra Hablada, Palabra Escrita, Realidad Virtual e Instalaci\u00f3n.<\/p>\n<p>La concejala de Cultura, Evelia Garc\u00eda, invita a la ciudadan\u00eda a visitar esta exposici\u00f3n f\u00edsica, que durar\u00e1 hasta el 29 de julio, y a disfrutar de la misma a trav\u00e9s de las galer\u00edas digitales en l\u00ednea en ArtSteps.com Youtube y Flickr.<\/p>\n<p>A lo largo del mes habr\u00e1 eventos que incluyen talleres pr\u00e1cticos de artistas, mesas redondas, actuaciones y charlas de destacados artistas contempor\u00e1neos, incluida la artista y activista de renombre internacional Zita Holbourne.<\/p>\n<p>Las entradas para la inauguraci\u00f3n, que se celebrar\u00e1 el d\u00eda 2 de julio, a partir de las 12:00 horas, ya se pueden conseguir a trav\u00e9s de la web de Cultura del Ayuntamiento de Har\u00eda.<\/p>\n","protected":false},"excerpt":{"rendered":"<p>El Ayuntamiento de Har\u00eda, a trav\u00e9s del \u00c1rea de Cultura, que coordina Evelia Garc\u00eda, organizar\u00e1 a partir del 2 de julio el Festival Internacional de Arte Contempor\u00e1neo \u2018Clash 2022\u2019. De la mano de Lacuna Festivals, 200 artistas que representan a 70 pa\u00edses se dar\u00e1n cita en una exposici\u00f3n ubicada en la Sala \u2018El Aljibe\u2019. En [&hellip;]<\/p>\n","protected":false},"author":13,"featured_media":23149,"comment_status":"closed","ping_status":"closed","sticky":false,"template":"","format":"standard","meta":{"footnotes":""},"categories":[32,16,11],"tags":[],"class_list":["post-23148","post","type-post","status-publish","format-standard","has-post-thumbnail","hentry","category-anuncios","category-cultura","category-hoja-de-haria"],"_links":{"self":[{"href":"https:\/\/www.ayuntamientodeharia.com\/haria\/wp-json\/wp\/v2\/posts\/23148","targetHints":{"allow":["GET"]}}],"collection":[{"href":"https:\/\/www.ayuntamientodeharia.com\/haria\/wp-json\/wp\/v2\/posts"}],"about":[{"href":"https:\/\/www.ayuntamientodeharia.com\/haria\/wp-json\/wp\/v2\/types\/post"}],"author":[{"embeddable":true,"href":"https:\/\/www.ayuntamientodeharia.com\/haria\/wp-json\/wp\/v2\/users\/13"}],"replies":[{"embeddable":true,"href":"https:\/\/www.ayuntamientodeharia.com\/haria\/wp-json\/wp\/v2\/comments?post=23148"}],"version-history":[{"count":1,"href":"https:\/\/www.ayuntamientodeharia.com\/haria\/wp-json\/wp\/v2\/posts\/23148\/revisions"}],"predecessor-version":[{"id":23150,"href":"https:\/\/www.ayuntamientodeharia.com\/haria\/wp-json\/wp\/v2\/posts\/23148\/revisions\/23150"}],"wp:featuredmedia":[{"embeddable":true,"href":"https:\/\/www.ayuntamientodeharia.com\/haria\/wp-json\/wp\/v2\/media\/23149"}],"wp:attachment":[{"href":"https:\/\/www.ayuntamientodeharia.com\/haria\/wp-json\/wp\/v2\/media?parent=23148"}],"wp:term":[{"taxonomy":"category","embeddable":true,"href":"https:\/\/www.ayuntamientodeharia.com\/haria\/wp-json\/wp\/v2\/categories?post=23148"},{"taxonomy":"post_tag","embeddable":true,"href":"https:\/\/www.ayuntamientodeharia.com\/haria\/wp-json\/wp\/v2\/tags?post=23148"}],"curies":[{"name":"wp","href":"https:\/\/api.w.org\/{rel}","templated":true}]}}