{"id":23135,"date":"2022-06-23T17:06:33","date_gmt":"2022-06-23T16:06:33","guid":{"rendered":"https:\/\/www.ayuntamientodeharia.com\/haria\/?p=23135"},"modified":"2022-06-23T17:06:33","modified_gmt":"2022-06-23T16:06:33","slug":"el-ayuntamiento-recuerda-que-las-entradas-para-asistir-a-la-gala-de-los-premios-haria-2022-ya-estan-disponibles","status":"publish","type":"post","link":"https:\/\/www.ayuntamientodeharia.com\/haria\/el-ayuntamiento-recuerda-que-las-entradas-para-asistir-a-la-gala-de-los-premios-haria-2022-ya-estan-disponibles\/","title":{"rendered":"El Ayuntamiento recuerda que las entradas para asistir a la gala de los Premios Har\u00eda 2022 ya est\u00e1n disponibles"},"content":{"rendered":"<p>El Ayuntamiento de Har\u00eda recuerda a la poblaci\u00f3n que las entradas para asistir a la gala de entrega de los Premios Har\u00eda 2022 ya est\u00e1n disponibles. El evento tendr\u00e1 lugar este viernes, 24 de junio, a las 20:30 horas, en el Auditorio de los Jameos del Agua.<\/p>\n<p>La alcaldesa de Har\u00eda, Chaxiraxi Niz, invita a todos los vecinos y vecinas empadronados en el municipio a asistir de forma gratuita a esta gala en la que se premiar\u00e1 a Tom\u00e1s Rodr\u00edguez Dorta y al equipo de voluntariado de asistencia parroquial \u201cpor su dedicaci\u00f3n y esfuerzos al servicio de todos y todas\u201d.<\/p>\n<p>\u201cEs un honor para nosotros entregar este reconocimiento a estas personas y queremos contar con la mayor participaci\u00f3n posible por parte de nuestra gente\u201d, destaca Niz.<\/p>\n<p>Las entradas son gratuitas y estar\u00e1n disponibles desde el 20 de junio en la centralita del Ayuntamiento de Har\u00eda. Se entregar\u00e1n un m\u00e1ximo de dos invitaciones por persona.<\/p>\n<p>Asimismo, la retirada de entradas para los Premios Har\u00eda 2022 ha sido tambi\u00e9n habilitada en los Jameos del Agua hasta antes del comienzo de la gala.<\/p>\n<p><img fetchpriority=\"high\" decoding=\"async\" class=\"alignnone  wp-image-23098\" src=\"https:\/\/www.ayuntamientodeharia.com\/haria\/wp-content\/uploads\/2022\/06\/Programa-San-Juan-22-6-283x450.png\" alt=\"\" width=\"420\" height=\"668\" srcset=\"https:\/\/www.ayuntamientodeharia.com\/haria\/wp-content\/uploads\/2022\/06\/Programa-San-Juan-22-6-283x450.png 283w, https:\/\/www.ayuntamientodeharia.com\/haria\/wp-content\/uploads\/2022\/06\/Programa-San-Juan-22-6-70x112.png 70w, https:\/\/www.ayuntamientodeharia.com\/haria\/wp-content\/uploads\/2022\/06\/Programa-San-Juan-22-6.png 509w\" sizes=\"(max-width: 420px) 100vw, 420px\" \/><\/p>\n","protected":false},"excerpt":{"rendered":"<p>El Ayuntamiento de Har\u00eda recuerda a la poblaci\u00f3n que las entradas para asistir a la gala de entrega de los Premios Har\u00eda 2022 ya est\u00e1n disponibles. El evento tendr\u00e1 lugar este viernes, 24 de junio, a las 20:30 horas, en el Auditorio de los Jameos del Agua. La alcaldesa de Har\u00eda, Chaxiraxi Niz, invita a [&hellip;]<\/p>\n","protected":false},"author":13,"featured_media":23097,"comment_status":"closed","ping_status":"closed","sticky":false,"template":"","format":"standard","meta":{"footnotes":""},"categories":[73,32,425,11],"tags":[],"class_list":["post-23135","post","type-post","status-publish","format-standard","has-post-thumbnail","hentry","category-alcaldia","category-anuncios","category-destacado","category-hoja-de-haria"],"_links":{"self":[{"href":"https:\/\/www.ayuntamientodeharia.com\/haria\/wp-json\/wp\/v2\/posts\/23135","targetHints":{"allow":["GET"]}}],"collection":[{"href":"https:\/\/www.ayuntamientodeharia.com\/haria\/wp-json\/wp\/v2\/posts"}],"about":[{"href":"https:\/\/www.ayuntamientodeharia.com\/haria\/wp-json\/wp\/v2\/types\/post"}],"author":[{"embeddable":true,"href":"https:\/\/www.ayuntamientodeharia.com\/haria\/wp-json\/wp\/v2\/users\/13"}],"replies":[{"embeddable":true,"href":"https:\/\/www.ayuntamientodeharia.com\/haria\/wp-json\/wp\/v2\/comments?post=23135"}],"version-history":[{"count":2,"href":"https:\/\/www.ayuntamientodeharia.com\/haria\/wp-json\/wp\/v2\/posts\/23135\/revisions"}],"predecessor-version":[{"id":23138,"href":"https:\/\/www.ayuntamientodeharia.com\/haria\/wp-json\/wp\/v2\/posts\/23135\/revisions\/23138"}],"wp:featuredmedia":[{"embeddable":true,"href":"https:\/\/www.ayuntamientodeharia.com\/haria\/wp-json\/wp\/v2\/media\/23097"}],"wp:attachment":[{"href":"https:\/\/www.ayuntamientodeharia.com\/haria\/wp-json\/wp\/v2\/media?parent=23135"}],"wp:term":[{"taxonomy":"category","embeddable":true,"href":"https:\/\/www.ayuntamientodeharia.com\/haria\/wp-json\/wp\/v2\/categories?post=23135"},{"taxonomy":"post_tag","embeddable":true,"href":"https:\/\/www.ayuntamientodeharia.com\/haria\/wp-json\/wp\/v2\/tags?post=23135"}],"curies":[{"name":"wp","href":"https:\/\/api.w.org\/{rel}","templated":true}]}}