{"id":22988,"date":"2022-05-27T14:45:48","date_gmt":"2022-05-27T13:45:48","guid":{"rendered":"https:\/\/www.ayuntamientodeharia.com\/haria\/?p=22988"},"modified":"2022-05-27T14:45:48","modified_gmt":"2022-05-27T13:45:48","slug":"la-autora-laura-escuela-llega-a-la-biblioteca-municipal-de-haria-con-dos-narraciones-orales-para-ninos-y-adultos","status":"publish","type":"post","link":"https:\/\/www.ayuntamientodeharia.com\/haria\/la-autora-laura-escuela-llega-a-la-biblioteca-municipal-de-haria-con-dos-narraciones-orales-para-ninos-y-adultos\/","title":{"rendered":"La autora Laura Escuela llega a la Biblioteca Municipal de Har\u00eda con dos narraciones orales para ni\u00f1os y adultos"},"content":{"rendered":"<p>El Ayuntamiento de Har\u00eda, a trav\u00e9s del \u00c1rea de Cultura, que coordina Evelia Garc\u00eda, organizar\u00e1 el pr\u00f3ximo 3 de junio la narraci\u00f3n oral para ni\u00f1os y ni\u00f1as \u2018Lo que la Tata cuenta\u2019 y la narraci\u00f3n para adultos \u2018Una mujer en camino\u2019.<\/p>\n<p>La autora Laura Escuela presentar\u00e1 en la Biblioteca Municipal de Har\u00eda, a partir de las 17:30 horas, un repertorio repleto de historias tradicionales y libros \u00e1lbum cuyos protagonistas son personajes femeninos de lo m\u00e1s variados.<\/p>\n<p>Por otra parte, \u2018Una\u00a0mujer\u00a0en\u00a0camino\u2019 es\u00a0una\u00a0sesi\u00f3n dialogada de cuentos tradicionales cuyas protagonistas son\u00a0mujeres\u00a0que han iniciado un viaje,\u00a0mujeres\u00a0astutas o dulces, extra\u00f1as, fuertes, que recorren la senda de sus aventuras trazando un mapa de vida para que podamos seguir sus huellas.\u00a0Esta se celebrar\u00e1 a partir de las 20:00 horas.<\/p>\n<p>Entradas disponibles ya en la p\u00e1gina web de Cultura, <a href=\"https:\/\/culturedharia.com\/\">https:\/\/culturedharia.com\/<\/a>.<\/p>\n<p>&nbsp;<\/p>\n","protected":false},"excerpt":{"rendered":"<p>El Ayuntamiento de Har\u00eda, a trav\u00e9s del \u00c1rea de Cultura, que coordina Evelia Garc\u00eda, organizar\u00e1 el pr\u00f3ximo 3 de junio la narraci\u00f3n oral para ni\u00f1os y ni\u00f1as \u2018Lo que la Tata cuenta\u2019 y la narraci\u00f3n para adultos \u2018Una mujer en camino\u2019. La autora Laura Escuela presentar\u00e1 en la Biblioteca Municipal de Har\u00eda, a partir de [&hellip;]<\/p>\n","protected":false},"author":13,"featured_media":22989,"comment_status":"closed","ping_status":"closed","sticky":false,"template":"","format":"standard","meta":{"footnotes":""},"categories":[16,11],"tags":[],"class_list":["post-22988","post","type-post","status-publish","format-standard","has-post-thumbnail","hentry","category-cultura","category-hoja-de-haria"],"_links":{"self":[{"href":"https:\/\/www.ayuntamientodeharia.com\/haria\/wp-json\/wp\/v2\/posts\/22988","targetHints":{"allow":["GET"]}}],"collection":[{"href":"https:\/\/www.ayuntamientodeharia.com\/haria\/wp-json\/wp\/v2\/posts"}],"about":[{"href":"https:\/\/www.ayuntamientodeharia.com\/haria\/wp-json\/wp\/v2\/types\/post"}],"author":[{"embeddable":true,"href":"https:\/\/www.ayuntamientodeharia.com\/haria\/wp-json\/wp\/v2\/users\/13"}],"replies":[{"embeddable":true,"href":"https:\/\/www.ayuntamientodeharia.com\/haria\/wp-json\/wp\/v2\/comments?post=22988"}],"version-history":[{"count":2,"href":"https:\/\/www.ayuntamientodeharia.com\/haria\/wp-json\/wp\/v2\/posts\/22988\/revisions"}],"predecessor-version":[{"id":22991,"href":"https:\/\/www.ayuntamientodeharia.com\/haria\/wp-json\/wp\/v2\/posts\/22988\/revisions\/22991"}],"wp:featuredmedia":[{"embeddable":true,"href":"https:\/\/www.ayuntamientodeharia.com\/haria\/wp-json\/wp\/v2\/media\/22989"}],"wp:attachment":[{"href":"https:\/\/www.ayuntamientodeharia.com\/haria\/wp-json\/wp\/v2\/media?parent=22988"}],"wp:term":[{"taxonomy":"category","embeddable":true,"href":"https:\/\/www.ayuntamientodeharia.com\/haria\/wp-json\/wp\/v2\/categories?post=22988"},{"taxonomy":"post_tag","embeddable":true,"href":"https:\/\/www.ayuntamientodeharia.com\/haria\/wp-json\/wp\/v2\/tags?post=22988"}],"curies":[{"name":"wp","href":"https:\/\/api.w.org\/{rel}","templated":true}]}}