{"id":2292,"date":"2015-08-31T08:32:55","date_gmt":"2015-08-31T08:32:55","guid":{"rendered":"http:\/\/www.ayuntamientodeharia.com\/haria\/?p=2292"},"modified":"2015-08-31T08:32:55","modified_gmt":"2015-08-31T08:32:55","slug":"reunion-para-las-fiestas-de-nuestra-senora-de-las-mercedes-en-mala-2","status":"publish","type":"post","link":"https:\/\/www.ayuntamientodeharia.com\/haria\/reunion-para-las-fiestas-de-nuestra-senora-de-las-mercedes-en-mala-2\/","title":{"rendered":"Reuni\u00f3n para las Fiestas de Nuestra Se\u00f1ora de Las Mercedes en Mala"},"content":{"rendered":"<p>La concejala de Festejos, Soraya Brito, convoca a los vecinos de Mala\u00a0a una reuni\u00f3n para la organizaci\u00f3n y programaci\u00f3n de las fiestas en honor\u00a0a Nuestra Se\u00f1ora de Las Mercedes, el jueves 3 de septiembre en el Centro Sociocultural de\u00a0Mala, a las 19:00 horas.<\/p>\n","protected":false},"excerpt":{"rendered":"<p>La concejala de Festejos, Soraya Brito, convoca a los vecinos de Mala\u00a0a una reuni\u00f3n para la organizaci\u00f3n y programaci\u00f3n de las fiestas en honor\u00a0a Nuestra Se\u00f1ora de Las Mercedes, el jueves 3 de septiembre en el Centro Sociocultural de\u00a0Mala, a las 19:00 horas.<\/p>\n","protected":false},"author":2,"featured_media":0,"comment_status":"closed","ping_status":"closed","sticky":false,"template":"","format":"standard","meta":{"footnotes":""},"categories":[15,11],"tags":[],"class_list":["post-2292","post","type-post","status-publish","format-standard","hentry","category-festejos","category-hoja-de-haria"],"_links":{"self":[{"href":"https:\/\/www.ayuntamientodeharia.com\/haria\/wp-json\/wp\/v2\/posts\/2292","targetHints":{"allow":["GET"]}}],"collection":[{"href":"https:\/\/www.ayuntamientodeharia.com\/haria\/wp-json\/wp\/v2\/posts"}],"about":[{"href":"https:\/\/www.ayuntamientodeharia.com\/haria\/wp-json\/wp\/v2\/types\/post"}],"author":[{"embeddable":true,"href":"https:\/\/www.ayuntamientodeharia.com\/haria\/wp-json\/wp\/v2\/users\/2"}],"replies":[{"embeddable":true,"href":"https:\/\/www.ayuntamientodeharia.com\/haria\/wp-json\/wp\/v2\/comments?post=2292"}],"version-history":[{"count":0,"href":"https:\/\/www.ayuntamientodeharia.com\/haria\/wp-json\/wp\/v2\/posts\/2292\/revisions"}],"wp:attachment":[{"href":"https:\/\/www.ayuntamientodeharia.com\/haria\/wp-json\/wp\/v2\/media?parent=2292"}],"wp:term":[{"taxonomy":"category","embeddable":true,"href":"https:\/\/www.ayuntamientodeharia.com\/haria\/wp-json\/wp\/v2\/categories?post=2292"},{"taxonomy":"post_tag","embeddable":true,"href":"https:\/\/www.ayuntamientodeharia.com\/haria\/wp-json\/wp\/v2\/tags?post=2292"}],"curies":[{"name":"wp","href":"https:\/\/api.w.org\/{rel}","templated":true}]}}