{"id":2288,"date":"2015-08-31T08:07:35","date_gmt":"2015-08-31T08:07:35","guid":{"rendered":"http:\/\/www.ayuntamientodeharia.com\/haria\/?p=2288"},"modified":"2015-08-31T08:07:35","modified_gmt":"2015-08-31T08:07:35","slug":"nuevo-exito-de-participacion-en-la-fiesta-de-la-pamela-de-orzola","status":"publish","type":"post","link":"https:\/\/www.ayuntamientodeharia.com\/haria\/nuevo-exito-de-participacion-en-la-fiesta-de-la-pamela-de-orzola\/","title":{"rendered":"Nuevo \u00e9xito de participaci\u00f3n en la Fiesta de la Pamela de \u00d3rzola"},"content":{"rendered":"<p><a href=\"http:\/\/www.ayuntamientodeharia.com\/haria\/wp-content\/uploads\/2015\/08\/pamela2.jpg\"><img fetchpriority=\"high\" decoding=\"async\" class=\"alignleft size-medium wp-image-2261\" src=\"http:\/\/www.ayuntamientodeharia.com\/haria\/wp-content\/uploads\/2015\/08\/pamela2-300x270.jpg\" alt=\"pamela\" width=\"300\" height=\"270\" srcset=\"https:\/\/www.ayuntamientodeharia.com\/haria\/wp-content\/uploads\/2015\/08\/pamela2-300x270.jpg 300w, https:\/\/www.ayuntamientodeharia.com\/haria\/wp-content\/uploads\/2015\/08\/pamela2-1024x923.jpg 1024w, https:\/\/www.ayuntamientodeharia.com\/haria\/wp-content\/uploads\/2015\/08\/pamela2.jpg 1169w\" sizes=\"(max-width: 300px) 100vw, 300px\" \/><\/a>Miles de personas disfrutaron de la Fiesta de la Pamela, organizada por el Ayuntamiento de Har\u00eda y la Comisi\u00f3n de Fiestas de \u00d3rzola, el pasado viernes, 21 de agosto, en la playa de Calet\u00f3n Blanco.<\/p>\n<p>&nbsp;<\/p>\n<p>La fiesta, que transcurri\u00f3 sin incidentes significativos, gracias al plan de seguridad establecido por los organizadores, se fue llenando de color a medida que avanzaba la noche. Los originales tocados que llevaban los asistentes y el buen ambiente reinante contribuyeron a que la Fiesta de la Pamela volviese a convertirse en el evento m\u00e1s significativo del verano.<\/p>\n<p><!--more--><\/p>\n<p>Este a\u00f1o, el premio a la pamela m\u00e1s original recay\u00f3 en un grupo de chicas que representaron de forma artesanal la casa flotante con globos de helio de la pel\u00edcula \u2018Up: una aventura de altura\u2019.<\/p>\n","protected":false},"excerpt":{"rendered":"<p>Miles de personas disfrutaron de la Fiesta de la Pamela, organizada por el Ayuntamiento de Har\u00eda y la Comisi\u00f3n de Fiestas de \u00d3rzola, el pasado viernes, 21 de agosto, en la playa de Calet\u00f3n Blanco. &nbsp; La fiesta, que transcurri\u00f3 sin incidentes significativos, gracias al plan de seguridad establecido por los organizadores, se fue llenando [&hellip;]<\/p>\n","protected":false},"author":2,"featured_media":0,"comment_status":"closed","ping_status":"closed","sticky":false,"template":"","format":"standard","meta":{"footnotes":""},"categories":[15,11],"tags":[],"class_list":["post-2288","post","type-post","status-publish","format-standard","hentry","category-festejos","category-hoja-de-haria"],"_links":{"self":[{"href":"https:\/\/www.ayuntamientodeharia.com\/haria\/wp-json\/wp\/v2\/posts\/2288","targetHints":{"allow":["GET"]}}],"collection":[{"href":"https:\/\/www.ayuntamientodeharia.com\/haria\/wp-json\/wp\/v2\/posts"}],"about":[{"href":"https:\/\/www.ayuntamientodeharia.com\/haria\/wp-json\/wp\/v2\/types\/post"}],"author":[{"embeddable":true,"href":"https:\/\/www.ayuntamientodeharia.com\/haria\/wp-json\/wp\/v2\/users\/2"}],"replies":[{"embeddable":true,"href":"https:\/\/www.ayuntamientodeharia.com\/haria\/wp-json\/wp\/v2\/comments?post=2288"}],"version-history":[{"count":0,"href":"https:\/\/www.ayuntamientodeharia.com\/haria\/wp-json\/wp\/v2\/posts\/2288\/revisions"}],"wp:attachment":[{"href":"https:\/\/www.ayuntamientodeharia.com\/haria\/wp-json\/wp\/v2\/media?parent=2288"}],"wp:term":[{"taxonomy":"category","embeddable":true,"href":"https:\/\/www.ayuntamientodeharia.com\/haria\/wp-json\/wp\/v2\/categories?post=2288"},{"taxonomy":"post_tag","embeddable":true,"href":"https:\/\/www.ayuntamientodeharia.com\/haria\/wp-json\/wp\/v2\/tags?post=2288"}],"curies":[{"name":"wp","href":"https:\/\/api.w.org\/{rel}","templated":true}]}}