{"id":22855,"date":"2022-05-04T09:08:49","date_gmt":"2022-05-04T09:08:49","guid":{"rendered":"https:\/\/www.ayuntamientodeharia.com\/haria\/?p=22855"},"modified":"2022-05-04T09:08:49","modified_gmt":"2022-05-04T09:08:49","slug":"vuelven-a-vibrar-las-cuerdas-en-la-quinta-edicion-de-guitarras-en-haria","status":"publish","type":"post","link":"https:\/\/www.ayuntamientodeharia.com\/haria\/vuelven-a-vibrar-las-cuerdas-en-la-quinta-edicion-de-guitarras-en-haria\/","title":{"rendered":"Vuelven a vibrar las cuerdas en la quinta edici\u00f3n de \u2018Guitarras en Har\u00eda\u2019"},"content":{"rendered":"<p>El Ayuntamiento de Har\u00eda, a trav\u00e9s del \u00c1rea de Cultura, que coordina Evelia Garc\u00eda, organizar\u00e1 del 6 al 8 de mayo la quinta edici\u00f3n del festival \u2018Guitarras en Har\u00eda\u2019.<\/p>\n<p>La concejala de Cultura, Evelia Garc\u00eda, celebr\u00f3 que, un a\u00f1o m\u00e1s, guitarristas procedentes\u00a0de todo el mundo ofrecen su arte a un p\u00fablico fiel y entregado que edici\u00f3n tras edici\u00f3n, llenan el Teatro y el Auditorio de la Cueva de Los Verdes.<\/p>\n<p><strong>PROGRAMACI\u00d3N<\/strong><\/p>\n<p><strong>Viernes, 6 de mayo<\/strong><\/p>\n<p>20:00 horas. Apertura del Festival.<\/p>\n<p><strong>S\u00e1bado, 7 de mayo<\/strong><\/p>\n<p>12:00 horas. \u2018Guitarras 1\u2019. Con las actuaciones de Ana Santiesteban (Espa\u00f1a), Luis Alberto Soria\u00a0(Argentina),\u00a0 Florencia Altieri. (Argentina), Santiago Canals\u00a0(Argentina) y Alexis Vallejos\u00a0(Chile).<\/p>\n<p>20:00 horas. \u2018Guitarras 2\u2019. Con las actuaciones de James Kline\u00a0(EE.UU), Pierre Willimann\u00a0(Suiza), Luis Alejandro Garc\u00eda\u00a0(Tenerife), Luis Alberto Soria\u00a0(Argentina), Florencia Altieri. (Argentina).<\/p>\n<p><strong>Domingo, 8 de mayo<\/strong><\/p>\n<p>18:00 horas. \u2018Clausura del Festival\u2019. Con las actuaciones de James Kline\u00a0(EE.UU), Pierre Willimann\u00a0(Suiza), Luis Alejandro Garc\u00eda\u00a0(Espa\u00f1a), Luis Alberto Soria\u00a0(Argentina), Florencia Altieri. (Argentina), Gustavo Navarro\u00a0(Har\u00eda), Santiago Canals\u00a0(Argentina), Alexis Vallejos\u00a0(Chile), Ana Santiesteban\u00a0(Espa\u00f1a).<\/p>\n<p>Las entradas est\u00e1n disponibles a partir de hoy a trav\u00e9s de la p\u00e1gina web de Cultura de Har\u00eda, <a href=\"https:\/\/culturedharia.com\/guitarras-en-haria\/\">https:\/\/culturedharia.com\/guitarras-en-haria\/<\/a>.<\/p>\n","protected":false},"excerpt":{"rendered":"<p>El Ayuntamiento de Har\u00eda, a trav\u00e9s del \u00c1rea de Cultura, que coordina Evelia Garc\u00eda, organizar\u00e1 del 6 al 8 de mayo la quinta edici\u00f3n del festival \u2018Guitarras en Har\u00eda\u2019. La concejala de Cultura, Evelia Garc\u00eda, celebr\u00f3 que, un a\u00f1o m\u00e1s, guitarristas procedentes\u00a0de todo el mundo ofrecen su arte a un p\u00fablico fiel y entregado que [&hellip;]<\/p>\n","protected":false},"author":13,"featured_media":22856,"comment_status":"closed","ping_status":"closed","sticky":false,"template":"","format":"standard","meta":{"footnotes":""},"categories":[16,425,11],"tags":[],"class_list":["post-22855","post","type-post","status-publish","format-standard","has-post-thumbnail","hentry","category-cultura","category-destacado","category-hoja-de-haria"],"_links":{"self":[{"href":"https:\/\/www.ayuntamientodeharia.com\/haria\/wp-json\/wp\/v2\/posts\/22855","targetHints":{"allow":["GET"]}}],"collection":[{"href":"https:\/\/www.ayuntamientodeharia.com\/haria\/wp-json\/wp\/v2\/posts"}],"about":[{"href":"https:\/\/www.ayuntamientodeharia.com\/haria\/wp-json\/wp\/v2\/types\/post"}],"author":[{"embeddable":true,"href":"https:\/\/www.ayuntamientodeharia.com\/haria\/wp-json\/wp\/v2\/users\/13"}],"replies":[{"embeddable":true,"href":"https:\/\/www.ayuntamientodeharia.com\/haria\/wp-json\/wp\/v2\/comments?post=22855"}],"version-history":[{"count":2,"href":"https:\/\/www.ayuntamientodeharia.com\/haria\/wp-json\/wp\/v2\/posts\/22855\/revisions"}],"predecessor-version":[{"id":22858,"href":"https:\/\/www.ayuntamientodeharia.com\/haria\/wp-json\/wp\/v2\/posts\/22855\/revisions\/22858"}],"wp:featuredmedia":[{"embeddable":true,"href":"https:\/\/www.ayuntamientodeharia.com\/haria\/wp-json\/wp\/v2\/media\/22856"}],"wp:attachment":[{"href":"https:\/\/www.ayuntamientodeharia.com\/haria\/wp-json\/wp\/v2\/media?parent=22855"}],"wp:term":[{"taxonomy":"category","embeddable":true,"href":"https:\/\/www.ayuntamientodeharia.com\/haria\/wp-json\/wp\/v2\/categories?post=22855"},{"taxonomy":"post_tag","embeddable":true,"href":"https:\/\/www.ayuntamientodeharia.com\/haria\/wp-json\/wp\/v2\/tags?post=22855"}],"curies":[{"name":"wp","href":"https:\/\/api.w.org\/{rel}","templated":true}]}}