{"id":22849,"date":"2022-05-04T08:53:14","date_gmt":"2022-05-04T08:53:14","guid":{"rendered":"https:\/\/www.ayuntamientodeharia.com\/haria\/?p=22849"},"modified":"2022-05-04T08:53:14","modified_gmt":"2022-05-04T08:53:14","slug":"el-punto-joven-organiza-una-nueva-ruta-del-proyecto-senderismo-4-estaciones","status":"publish","type":"post","link":"https:\/\/www.ayuntamientodeharia.com\/haria\/el-punto-joven-organiza-una-nueva-ruta-del-proyecto-senderismo-4-estaciones\/","title":{"rendered":"El Punto Joven organiza una nueva ruta del proyecto \u2018Senderismo 4 Estaciones\u2019"},"content":{"rendered":"<p>El Ayuntamiento de Har\u00eda, a trav\u00e9s del Punto Joven, departamento del \u00e1rea de Juventud, que coordina Evelia Garc\u00eda, pone en marcha una nueva caminata enmarcada en la iniciativa \u2018Senderismo 4 Estaciones\u2019, bajo el nombre de \u2018Santa Margarita\u2019.<\/p>\n<p>Esta tendr\u00e1 lugar el pr\u00f3ximo s\u00e1bado, 7 de mayo, y la salida se efectuar\u00e1 desde la Iglesia de Las Mercedes de Mala, a las 9:00 horas. La ruta ser\u00e1 circular y \u201cdesde la salida nos acercaremos a los dominios de la Monta\u00f1a de Guenia, por donde transcurre la parte central de la ruta, pasando por el antiguo poblado de Santa Margarita y los roferos Mata Burro. Volveremos al punto de partida cruzando la Vega de Guatiza.<\/p>\n<p>La concejala de Juventud, Evelia Garc\u00eda, explica que la caminata tiene un nivel de exigencia medio, por lo que hay que tener un m\u00ednimo de condici\u00f3n f\u00edsica para poder afrontarla.<\/p>\n<p>La duraci\u00f3n aproximada ser\u00e1 de cuatro horas y los asistentes tienen que llevar agua, comida, ropa y calzado c\u00f3modo, gorra y protecci\u00f3n. Los menores de 12 a\u00f1os deber\u00e1n ir acompa\u00f1ados por un adulto.<\/p>\n<p>Las personas interesadas en acudir a la caminata deber\u00e1n inscribirse a partir del lunes, 2 de mayo, a las 8:00 horas, en la Agenda de la web juventudharia.es. Las plazas son limitadas y se ir\u00e1n cubriendo por orden de inscripci\u00f3n. Para m\u00e1s informaci\u00f3n pueden contactar en el tel\u00e9fono 637893535 o en <a href=\"mailto:juventud@ayuntamientodeharia.com\">juventud@ayuntamientodeharia.com<\/a>.<\/p>\n<p>&nbsp;<\/p>\n","protected":false},"excerpt":{"rendered":"<p>El Ayuntamiento de Har\u00eda, a trav\u00e9s del Punto Joven, departamento del \u00e1rea de Juventud, que coordina Evelia Garc\u00eda, pone en marcha una nueva caminata enmarcada en la iniciativa \u2018Senderismo 4 Estaciones\u2019, bajo el nombre de \u2018Santa Margarita\u2019. Esta tendr\u00e1 lugar el pr\u00f3ximo s\u00e1bado, 7 de mayo, y la salida se efectuar\u00e1 desde la Iglesia de [&hellip;]<\/p>\n","protected":false},"author":13,"featured_media":22531,"comment_status":"closed","ping_status":"closed","sticky":false,"template":"","format":"standard","meta":{"footnotes":""},"categories":[11,25],"tags":[],"class_list":["post-22849","post","type-post","status-publish","format-standard","has-post-thumbnail","hentry","category-hoja-de-haria","category-juventud"],"_links":{"self":[{"href":"https:\/\/www.ayuntamientodeharia.com\/haria\/wp-json\/wp\/v2\/posts\/22849","targetHints":{"allow":["GET"]}}],"collection":[{"href":"https:\/\/www.ayuntamientodeharia.com\/haria\/wp-json\/wp\/v2\/posts"}],"about":[{"href":"https:\/\/www.ayuntamientodeharia.com\/haria\/wp-json\/wp\/v2\/types\/post"}],"author":[{"embeddable":true,"href":"https:\/\/www.ayuntamientodeharia.com\/haria\/wp-json\/wp\/v2\/users\/13"}],"replies":[{"embeddable":true,"href":"https:\/\/www.ayuntamientodeharia.com\/haria\/wp-json\/wp\/v2\/comments?post=22849"}],"version-history":[{"count":1,"href":"https:\/\/www.ayuntamientodeharia.com\/haria\/wp-json\/wp\/v2\/posts\/22849\/revisions"}],"predecessor-version":[{"id":22850,"href":"https:\/\/www.ayuntamientodeharia.com\/haria\/wp-json\/wp\/v2\/posts\/22849\/revisions\/22850"}],"wp:featuredmedia":[{"embeddable":true,"href":"https:\/\/www.ayuntamientodeharia.com\/haria\/wp-json\/wp\/v2\/media\/22531"}],"wp:attachment":[{"href":"https:\/\/www.ayuntamientodeharia.com\/haria\/wp-json\/wp\/v2\/media?parent=22849"}],"wp:term":[{"taxonomy":"category","embeddable":true,"href":"https:\/\/www.ayuntamientodeharia.com\/haria\/wp-json\/wp\/v2\/categories?post=22849"},{"taxonomy":"post_tag","embeddable":true,"href":"https:\/\/www.ayuntamientodeharia.com\/haria\/wp-json\/wp\/v2\/tags?post=22849"}],"curies":[{"name":"wp","href":"https:\/\/api.w.org\/{rel}","templated":true}]}}