{"id":2281,"date":"2015-08-31T07:58:37","date_gmt":"2015-08-31T07:58:37","guid":{"rendered":"http:\/\/www.ayuntamientodeharia.com\/haria\/?p=2281"},"modified":"2015-08-31T07:58:37","modified_gmt":"2015-08-31T07:58:37","slug":"excursion-a-la-feria-de-los-dolores","status":"publish","type":"post","link":"https:\/\/www.ayuntamientodeharia.com\/haria\/excursion-a-la-feria-de-los-dolores\/","title":{"rendered":"Excursi\u00f3n a la Feria de Los Dolores"},"content":{"rendered":"<p>Como viene siendo tradicional, la Concejal\u00eda de la Tercera Edad tiene previsto una excursi\u00f3n a la Feria de Los Dolores el d\u00eda 11 de septiembre en Macha Blanca.<\/p>\n<p>&nbsp;<\/p>\n<p>Todas aquellas personas interesadas en asistir tendr\u00e1n que inscribirse en el Centro de la Tercera Edad, llamando al tel\u00e9fono 928 835 633, de lunes a viernes, de 9:00 a 14:00 horas, antes del 9 de septiembre. La salida ser\u00e1 a las 10:30 y el regreso a las 18:30 horas.<\/p>\n","protected":false},"excerpt":{"rendered":"<p>Como viene siendo tradicional, la Concejal\u00eda de la Tercera Edad tiene previsto una excursi\u00f3n a la Feria de Los Dolores el d\u00eda 11 de septiembre en Macha Blanca. &nbsp; Todas aquellas personas interesadas en asistir tendr\u00e1n que inscribirse en el Centro de la Tercera Edad, llamando al tel\u00e9fono 928 835 633, de lunes a viernes, [&hellip;]<\/p>\n","protected":false},"author":2,"featured_media":0,"comment_status":"closed","ping_status":"closed","sticky":false,"template":"","format":"standard","meta":{"footnotes":""},"categories":[11,61],"tags":[],"class_list":["post-2281","post","type-post","status-publish","format-standard","hentry","category-hoja-de-haria","category-tercera-edad"],"_links":{"self":[{"href":"https:\/\/www.ayuntamientodeharia.com\/haria\/wp-json\/wp\/v2\/posts\/2281","targetHints":{"allow":["GET"]}}],"collection":[{"href":"https:\/\/www.ayuntamientodeharia.com\/haria\/wp-json\/wp\/v2\/posts"}],"about":[{"href":"https:\/\/www.ayuntamientodeharia.com\/haria\/wp-json\/wp\/v2\/types\/post"}],"author":[{"embeddable":true,"href":"https:\/\/www.ayuntamientodeharia.com\/haria\/wp-json\/wp\/v2\/users\/2"}],"replies":[{"embeddable":true,"href":"https:\/\/www.ayuntamientodeharia.com\/haria\/wp-json\/wp\/v2\/comments?post=2281"}],"version-history":[{"count":0,"href":"https:\/\/www.ayuntamientodeharia.com\/haria\/wp-json\/wp\/v2\/posts\/2281\/revisions"}],"wp:attachment":[{"href":"https:\/\/www.ayuntamientodeharia.com\/haria\/wp-json\/wp\/v2\/media?parent=2281"}],"wp:term":[{"taxonomy":"category","embeddable":true,"href":"https:\/\/www.ayuntamientodeharia.com\/haria\/wp-json\/wp\/v2\/categories?post=2281"},{"taxonomy":"post_tag","embeddable":true,"href":"https:\/\/www.ayuntamientodeharia.com\/haria\/wp-json\/wp\/v2\/tags?post=2281"}],"curies":[{"name":"wp","href":"https:\/\/api.w.org\/{rel}","templated":true}]}}