{"id":22683,"date":"2022-04-01T13:49:01","date_gmt":"2022-04-01T13:49:01","guid":{"rendered":"https:\/\/www.ayuntamientodeharia.com\/haria\/?p=22683"},"modified":"2022-04-01T13:49:01","modified_gmt":"2022-04-01T13:49:01","slug":"haria-celebra-el-exito-de-la-campana-comercial-organizada-con-motivo-del-dia-del-padre","status":"publish","type":"post","link":"https:\/\/www.ayuntamientodeharia.com\/haria\/haria-celebra-el-exito-de-la-campana-comercial-organizada-con-motivo-del-dia-del-padre\/","title":{"rendered":"Har\u00eda celebra el \u00e9xito de la campa\u00f1a comercial organizada con motivo del D\u00eda del Padre"},"content":{"rendered":"<p>El Ayuntamiento de Har\u00eda, a trav\u00e9s del \u00e1rea de Comercio, que coordina Alejandro Hern\u00e1ndez, en colaboraci\u00f3n con el Cabildo de Lanzarote, celebra el \u00e9xito de la recientemente finalizada campa\u00f1a comercial organizada con motivo del D\u00eda del Padre.<\/p>\n<p>El concejal del \u00c1rea, Alejandro Hern\u00e1ndez, reflej\u00f3 la gran acogida de esta iniciativa y puso en valor la colaboraci\u00f3n entre las Instituciones p\u00fablicas para fomentar el crecimiento de los peque\u00f1os negocios locales en Har\u00eda y en Lanzarote.<\/p>\n<p>En la misma l\u00ednea, el concejal anunci\u00f3 que desde el Ayuntamiento se est\u00e1 trabajando para poner en marcha una iniciativa similar para celebrar el D\u00eda de la Madre.<\/p>\n<p>Entre el 14 y el 27 de marzo, por cada 10 euros gastados en negocios norte\u00f1os, los compradores pudieron llevarse un Rasca del Padre, con el que accedieron a sorteos de diferentes premios.<\/p>\n","protected":false},"excerpt":{"rendered":"<p>El Ayuntamiento de Har\u00eda, a trav\u00e9s del \u00e1rea de Comercio, que coordina Alejandro Hern\u00e1ndez, en colaboraci\u00f3n con el Cabildo de Lanzarote, celebra el \u00e9xito de la recientemente finalizada campa\u00f1a comercial organizada con motivo del D\u00eda del Padre. El concejal del \u00c1rea, Alejandro Hern\u00e1ndez, reflej\u00f3 la gran acogida de esta iniciativa y puso en valor la [&hellip;]<\/p>\n","protected":false},"author":13,"featured_media":22684,"comment_status":"closed","ping_status":"closed","sticky":false,"template":"","format":"standard","meta":{"footnotes":""},"categories":[163,425,11],"tags":[],"class_list":["post-22683","post","type-post","status-publish","format-standard","has-post-thumbnail","hentry","category-comercio-y-consumo","category-destacado","category-hoja-de-haria"],"_links":{"self":[{"href":"https:\/\/www.ayuntamientodeharia.com\/haria\/wp-json\/wp\/v2\/posts\/22683","targetHints":{"allow":["GET"]}}],"collection":[{"href":"https:\/\/www.ayuntamientodeharia.com\/haria\/wp-json\/wp\/v2\/posts"}],"about":[{"href":"https:\/\/www.ayuntamientodeharia.com\/haria\/wp-json\/wp\/v2\/types\/post"}],"author":[{"embeddable":true,"href":"https:\/\/www.ayuntamientodeharia.com\/haria\/wp-json\/wp\/v2\/users\/13"}],"replies":[{"embeddable":true,"href":"https:\/\/www.ayuntamientodeharia.com\/haria\/wp-json\/wp\/v2\/comments?post=22683"}],"version-history":[{"count":2,"href":"https:\/\/www.ayuntamientodeharia.com\/haria\/wp-json\/wp\/v2\/posts\/22683\/revisions"}],"predecessor-version":[{"id":22686,"href":"https:\/\/www.ayuntamientodeharia.com\/haria\/wp-json\/wp\/v2\/posts\/22683\/revisions\/22686"}],"wp:featuredmedia":[{"embeddable":true,"href":"https:\/\/www.ayuntamientodeharia.com\/haria\/wp-json\/wp\/v2\/media\/22684"}],"wp:attachment":[{"href":"https:\/\/www.ayuntamientodeharia.com\/haria\/wp-json\/wp\/v2\/media?parent=22683"}],"wp:term":[{"taxonomy":"category","embeddable":true,"href":"https:\/\/www.ayuntamientodeharia.com\/haria\/wp-json\/wp\/v2\/categories?post=22683"},{"taxonomy":"post_tag","embeddable":true,"href":"https:\/\/www.ayuntamientodeharia.com\/haria\/wp-json\/wp\/v2\/tags?post=22683"}],"curies":[{"name":"wp","href":"https:\/\/api.w.org\/{rel}","templated":true}]}}