{"id":2268,"date":"2015-08-31T07:05:18","date_gmt":"2015-08-31T07:05:18","guid":{"rendered":"http:\/\/www.ayuntamientodeharia.com\/haria\/?p=2268"},"modified":"2015-08-31T07:13:45","modified_gmt":"2015-08-31T07:13:45","slug":"fiestas-santa-rosa-de-lima-orzola-2015-3","status":"publish","type":"post","link":"https:\/\/www.ayuntamientodeharia.com\/haria\/fiestas-santa-rosa-de-lima-orzola-2015-3\/","title":{"rendered":"Fiestas Santa Rosa de Lima &#8211; \u00d3rzola 2015"},"content":{"rendered":"<p><strong><a href=\"http:\/\/www.ayuntamientodeharia.com\/haria\/wp-content\/uploads\/2015\/08\/orzola.jpg\"><img fetchpriority=\"high\" decoding=\"async\" class=\"alignleft size-medium wp-image-2267\" src=\"http:\/\/www.ayuntamientodeharia.com\/haria\/wp-content\/uploads\/2015\/08\/orzola-222x300.jpg\" alt=\"orzola\" width=\"222\" height=\"300\" srcset=\"https:\/\/www.ayuntamientodeharia.com\/haria\/wp-content\/uploads\/2015\/08\/orzola-222x300.jpg 222w, https:\/\/www.ayuntamientodeharia.com\/haria\/wp-content\/uploads\/2015\/08\/orzola.jpg 399w\" sizes=\"(max-width: 222px) 100vw, 222px\" \/><\/a>Viernes 28 de agosto:<\/strong><br \/>\n09:30h.- Concurso de Castillos de Arena en la playa de La Canter\u00eda<br \/>\n(si la marea lo permite).<br \/>\n10:00h.- Actividades en arena y playa: v\u00f3ley playa, p\u00e1del, canoa y\u00a0wind surf en la playa de La Canter\u00eda.<br \/>\n17:00h.- Sorteo y comienzo del Campeonato de Chinch\u00f3n.<br \/>\n17:30h.- Aquatlon \u2018La Lapa\u2019 con diferentes categor\u00edas en el Lajiar.<br \/>\n21:30h.- Fiesta Canaria con la quema de Quevedo y la actuaci\u00f3n de<br \/>\nlas parrandas Los Gurfines son los del Puerto\u2019 y el grupo\u00a0Ra\u00edces. Venta anticipada de tickets hasta completar aforo.<\/p>\n<p>&nbsp;<\/p>\n<p><strong>S\u00e1bado 29 de agosto:<\/strong><br \/>\nDe 12:00h. a 17:00h.- Fiesta Infantil con colchonetas, body painting y juegos en la playa de\u00a0Calet\u00f3n Blanco.<br \/>\n13:00h.- F\u00fatbol Playa para menores de 13 a\u00f1os en la playa de Calet\u00f3n Blanco.<br \/>\n17:00h.- Continuaci\u00f3n del Campeonato de Truco.<br \/>\n21:00h.- Motocross en la zona conocida como aljibe del gobierno.<\/p>\n<p>&nbsp;<\/p>\n<p><strong>Domingo, 30 de agosto:<\/strong><br \/>\n11:30h.- Taller Infantil de Barro a cargo de Aquilino Rodr\u00edguez Santana.<br \/>\n18:00h.- Misa y Procesi\u00f3n, en honor a Santa Rosa de Lima, acompa\u00f1ada por el grupo Alborada.<br \/>\n21:30h.- Gala Fin de Fiesta y rifa de regalos sorpresa.<\/p>\n<p>&nbsp;<\/p>\n<p>NOTA: Durante la celebraci\u00f3n de las fiestas se realizar\u00e1 una recogida de alimentos y productos<br \/>\nno perecederos para destinarlos al Banco de Alimentos Municipal.<\/p>\n<p>&nbsp;<\/p>\n<p>NOTA: La Comisi\u00f3n de Fiestas modificar\u00e1 el horario de alguno de los actos para garantizar el\u00a0correcto desarrollo de los mismos.<\/p>\n<p>&nbsp;<\/p>\n<p>NOTA: La Comisi\u00f3n de Fiestas pone a disposici\u00f3n de los vecinos el siguiente correo electr\u00f3nico\u00a0para que puedan enviar las fotos de las fiestas de este a\u00f1o: santarosadelimaorzola@gmail.com<\/p>\n","protected":false},"excerpt":{"rendered":"<p>Viernes 28 de agosto: 09:30h.- Concurso de Castillos de Arena en la playa de La Canter\u00eda (si la marea lo permite). 10:00h.- Actividades en arena y playa: v\u00f3ley playa, p\u00e1del, canoa y\u00a0wind surf en la playa de La Canter\u00eda. 17:00h.- Sorteo y comienzo del Campeonato de Chinch\u00f3n. 17:30h.- Aquatlon \u2018La Lapa\u2019 con diferentes categor\u00edas en [&hellip;]<\/p>\n","protected":false},"author":2,"featured_media":0,"comment_status":"closed","ping_status":"closed","sticky":false,"template":"","format":"standard","meta":{"footnotes":""},"categories":[15,11],"tags":[],"class_list":["post-2268","post","type-post","status-publish","format-standard","hentry","category-festejos","category-hoja-de-haria"],"_links":{"self":[{"href":"https:\/\/www.ayuntamientodeharia.com\/haria\/wp-json\/wp\/v2\/posts\/2268","targetHints":{"allow":["GET"]}}],"collection":[{"href":"https:\/\/www.ayuntamientodeharia.com\/haria\/wp-json\/wp\/v2\/posts"}],"about":[{"href":"https:\/\/www.ayuntamientodeharia.com\/haria\/wp-json\/wp\/v2\/types\/post"}],"author":[{"embeddable":true,"href":"https:\/\/www.ayuntamientodeharia.com\/haria\/wp-json\/wp\/v2\/users\/2"}],"replies":[{"embeddable":true,"href":"https:\/\/www.ayuntamientodeharia.com\/haria\/wp-json\/wp\/v2\/comments?post=2268"}],"version-history":[{"count":0,"href":"https:\/\/www.ayuntamientodeharia.com\/haria\/wp-json\/wp\/v2\/posts\/2268\/revisions"}],"wp:attachment":[{"href":"https:\/\/www.ayuntamientodeharia.com\/haria\/wp-json\/wp\/v2\/media?parent=2268"}],"wp:term":[{"taxonomy":"category","embeddable":true,"href":"https:\/\/www.ayuntamientodeharia.com\/haria\/wp-json\/wp\/v2\/categories?post=2268"},{"taxonomy":"post_tag","embeddable":true,"href":"https:\/\/www.ayuntamientodeharia.com\/haria\/wp-json\/wp\/v2\/tags?post=2268"}],"curies":[{"name":"wp","href":"https:\/\/api.w.org\/{rel}","templated":true}]}}