{"id":22579,"date":"2022-03-18T13:51:24","date_gmt":"2022-03-18T13:51:24","guid":{"rendered":"https:\/\/www.ayuntamientodeharia.com\/haria\/?p=22579"},"modified":"2022-03-18T13:51:24","modified_gmt":"2022-03-18T13:51:24","slug":"haria-celebra-el-dia-del-padre-con-una-iniciativa-para-incentivar-el-comercio-local","status":"publish","type":"post","link":"https:\/\/www.ayuntamientodeharia.com\/haria\/haria-celebra-el-dia-del-padre-con-una-iniciativa-para-incentivar-el-comercio-local\/","title":{"rendered":"Har\u00eda celebra el D\u00eda del Padre con una iniciativa para incentivar el comercio local"},"content":{"rendered":"<p>El Ayuntamiento de Har\u00eda, a trav\u00e9s del \u00e1rea de Comercio, que coordina Alejandro Hern\u00e1ndez, en colaboraci\u00f3n con el Cabildo de Lanzarote, celebra este 19 de marzo el D\u00eda del Padre, con una iniciativa centrada en incentivar el comercio local del municipio.<\/p>\n<p>A partir del pasado 14 de marzo, y hasta el d\u00eda 27, por cada 10 euros gastados en negocios norte\u00f1os, podr\u00e1 llevarse un Rasca del Padre, con el que accede a sorteos de diferentes premios.<\/p>\n<p>El concejal de Comercio, Alejandro Hern\u00e1ndez, revela que \u201cya son muchos los vecinos y vecinas que han participado estos d\u00edas, comprando en negocios locales y probando suerte en este sorteo\u201d.<\/p>\n<p>El concejal invita a la poblaci\u00f3n a seguir sum\u00e1ndose a esta iniciativa y a \u201ctrabajar para que juntos contribuyamos al crecimiento de los peque\u00f1os comercios\u201d.<\/p>\n","protected":false},"excerpt":{"rendered":"<p>El Ayuntamiento de Har\u00eda, a trav\u00e9s del \u00e1rea de Comercio, que coordina Alejandro Hern\u00e1ndez, en colaboraci\u00f3n con el Cabildo de Lanzarote, celebra este 19 de marzo el D\u00eda del Padre, con una iniciativa centrada en incentivar el comercio local del municipio. A partir del pasado 14 de marzo, y hasta el d\u00eda 27, por cada [&hellip;]<\/p>\n","protected":false},"author":13,"featured_media":22580,"comment_status":"closed","ping_status":"closed","sticky":false,"template":"","format":"standard","meta":{"footnotes":""},"categories":[163,425,11],"tags":[],"class_list":["post-22579","post","type-post","status-publish","format-standard","has-post-thumbnail","hentry","category-comercio-y-consumo","category-destacado","category-hoja-de-haria"],"_links":{"self":[{"href":"https:\/\/www.ayuntamientodeharia.com\/haria\/wp-json\/wp\/v2\/posts\/22579","targetHints":{"allow":["GET"]}}],"collection":[{"href":"https:\/\/www.ayuntamientodeharia.com\/haria\/wp-json\/wp\/v2\/posts"}],"about":[{"href":"https:\/\/www.ayuntamientodeharia.com\/haria\/wp-json\/wp\/v2\/types\/post"}],"author":[{"embeddable":true,"href":"https:\/\/www.ayuntamientodeharia.com\/haria\/wp-json\/wp\/v2\/users\/13"}],"replies":[{"embeddable":true,"href":"https:\/\/www.ayuntamientodeharia.com\/haria\/wp-json\/wp\/v2\/comments?post=22579"}],"version-history":[{"count":2,"href":"https:\/\/www.ayuntamientodeharia.com\/haria\/wp-json\/wp\/v2\/posts\/22579\/revisions"}],"predecessor-version":[{"id":22582,"href":"https:\/\/www.ayuntamientodeharia.com\/haria\/wp-json\/wp\/v2\/posts\/22579\/revisions\/22582"}],"wp:featuredmedia":[{"embeddable":true,"href":"https:\/\/www.ayuntamientodeharia.com\/haria\/wp-json\/wp\/v2\/media\/22580"}],"wp:attachment":[{"href":"https:\/\/www.ayuntamientodeharia.com\/haria\/wp-json\/wp\/v2\/media?parent=22579"}],"wp:term":[{"taxonomy":"category","embeddable":true,"href":"https:\/\/www.ayuntamientodeharia.com\/haria\/wp-json\/wp\/v2\/categories?post=22579"},{"taxonomy":"post_tag","embeddable":true,"href":"https:\/\/www.ayuntamientodeharia.com\/haria\/wp-json\/wp\/v2\/tags?post=22579"}],"curies":[{"name":"wp","href":"https:\/\/api.w.org\/{rel}","templated":true}]}}