{"id":2256,"date":"2015-08-21T10:04:59","date_gmt":"2015-08-21T10:04:59","guid":{"rendered":"http:\/\/www.ayuntamientodeharia.com\/haria\/?p=2256"},"modified":"2015-08-21T10:04:59","modified_gmt":"2015-08-21T10:04:59","slug":"el-ceramista-aquilino-rodriguez-sera-el-artesano-homenajeado-en-la-feria-de-los-dolores","status":"publish","type":"post","link":"https:\/\/www.ayuntamientodeharia.com\/haria\/el-ceramista-aquilino-rodriguez-sera-el-artesano-homenajeado-en-la-feria-de-los-dolores\/","title":{"rendered":"El ceramista Aquilino Rodr\u00edguez ser\u00e1 el artesano homenajeado en la Feria de Los Dolores"},"content":{"rendered":"<p><a href=\"http:\/\/www.ayuntamientodeharia.com\/haria\/wp-content\/uploads\/2015\/08\/aquilino.jpg\"><img fetchpriority=\"high\" decoding=\"async\" class=\"alignleft size-medium wp-image-2230\" src=\"http:\/\/www.ayuntamientodeharia.com\/haria\/wp-content\/uploads\/2015\/08\/aquilino-300x175.jpg\" alt=\"aquilino\" width=\"300\" height=\"175\" srcset=\"https:\/\/www.ayuntamientodeharia.com\/haria\/wp-content\/uploads\/2015\/08\/aquilino-300x175.jpg 300w, https:\/\/www.ayuntamientodeharia.com\/haria\/wp-content\/uploads\/2015\/08\/aquilino-1024x600.jpg 1024w, https:\/\/www.ayuntamientodeharia.com\/haria\/wp-content\/uploads\/2015\/08\/aquilino.jpg 1784w\" sizes=\"(max-width: 300px) 100vw, 300px\" \/><\/a>El hariano Aquilino Rodr\u00edguez Santana, de 52 a\u00f1os de edad y con m\u00e1s de 30 de experiencia como ceramista, ser\u00e1 el artesano homenajeado en la \u2018XXVII Feria Insular de Artesan\u00eda\u2019 que se desarrollar\u00e1 del 11 al 15 de septiembre en Mancha Blanca (Tinajo). Con ello, el Cabildo de Lanzarote busca reconocer la trayectoria de este artesano, que tiene su taller en el municipio de Har\u00eda, describi\u00e9ndolo como \u201cheredero y transmisor de una forma milenaria de hacer cer\u00e1mica en Lanzarote, sin torno, y basada en el barro y la arena volc\u00e1nica\u201d.<\/p>\n<p><!--more--><\/p>\n<p>La Feria contar\u00e1 este a\u00f1o con la presencia de 75 artesanos que desarrollan su labor en Lanzarote, adem\u00e1s de con otros artesanos procedentes de Gran Canaria y Tenerife, dos de Fuerteventura y otros dos de La Palma. Tambi\u00e9n est\u00e1 prevista la asistencia de otros seis artesanos procedentes de Irlanda. El Ayuntamiento de Har\u00eda felicita al ceramista Aquilino Rodr\u00edguez por este merecido reconocimiento, fruto de una dilatada trayectoria en el campo de la artesan\u00eda, poniendo en valor su magn\u00edfico hacer durante m\u00e1s de tres d\u00e9cadas en el municipio norte\u00f1o.<\/p>\n","protected":false},"excerpt":{"rendered":"<p>El hariano Aquilino Rodr\u00edguez Santana, de 52 a\u00f1os de edad y con m\u00e1s de 30 de experiencia como ceramista, ser\u00e1 el artesano homenajeado en la \u2018XXVII Feria Insular de Artesan\u00eda\u2019 que se desarrollar\u00e1 del 11 al 15 de septiembre en Mancha Blanca (Tinajo). Con ello, el Cabildo de Lanzarote busca reconocer la trayectoria de este [&hellip;]<\/p>\n","protected":false},"author":2,"featured_media":0,"comment_status":"closed","ping_status":"closed","sticky":false,"template":"","format":"standard","meta":{"footnotes":""},"categories":[16,11],"tags":[],"class_list":["post-2256","post","type-post","status-publish","format-standard","hentry","category-cultura","category-hoja-de-haria"],"_links":{"self":[{"href":"https:\/\/www.ayuntamientodeharia.com\/haria\/wp-json\/wp\/v2\/posts\/2256","targetHints":{"allow":["GET"]}}],"collection":[{"href":"https:\/\/www.ayuntamientodeharia.com\/haria\/wp-json\/wp\/v2\/posts"}],"about":[{"href":"https:\/\/www.ayuntamientodeharia.com\/haria\/wp-json\/wp\/v2\/types\/post"}],"author":[{"embeddable":true,"href":"https:\/\/www.ayuntamientodeharia.com\/haria\/wp-json\/wp\/v2\/users\/2"}],"replies":[{"embeddable":true,"href":"https:\/\/www.ayuntamientodeharia.com\/haria\/wp-json\/wp\/v2\/comments?post=2256"}],"version-history":[{"count":0,"href":"https:\/\/www.ayuntamientodeharia.com\/haria\/wp-json\/wp\/v2\/posts\/2256\/revisions"}],"wp:attachment":[{"href":"https:\/\/www.ayuntamientodeharia.com\/haria\/wp-json\/wp\/v2\/media?parent=2256"}],"wp:term":[{"taxonomy":"category","embeddable":true,"href":"https:\/\/www.ayuntamientodeharia.com\/haria\/wp-json\/wp\/v2\/categories?post=2256"},{"taxonomy":"post_tag","embeddable":true,"href":"https:\/\/www.ayuntamientodeharia.com\/haria\/wp-json\/wp\/v2\/tags?post=2256"}],"curies":[{"name":"wp","href":"https:\/\/api.w.org\/{rel}","templated":true}]}}