{"id":22542,"date":"2022-03-11T13:53:37","date_gmt":"2022-03-11T13:53:37","guid":{"rendered":"https:\/\/www.ayuntamientodeharia.com\/haria\/?p=22542"},"modified":"2022-03-11T13:53:37","modified_gmt":"2022-03-11T13:53:37","slug":"haria-rinde-homenaje-a-las-mujeres-del-municipio-en-la-conmemoracion-del-8-m","status":"publish","type":"post","link":"https:\/\/www.ayuntamientodeharia.com\/haria\/haria-rinde-homenaje-a-las-mujeres-del-municipio-en-la-conmemoracion-del-8-m\/","title":{"rendered":"Har\u00eda rinde homenaje a las mujeres del municipio en la conmemoraci\u00f3n del 8-M"},"content":{"rendered":"<p>El Ayuntamiento de Har\u00eda rindi\u00f3 homenaje esta semana a todas las mujeres del mundo y, en especial, a las del municipio, en conmemoraci\u00f3n del 8 de marzo, D\u00eda Internacional de la Mujer.<\/p>\n<p>En este sentido, el Consistorio, a trav\u00e9s del \u00c1rea de Igualdad, que coordina Chaxiraxi Niz, organiz\u00f3 la Mesa de la Experiencia \u2018Palabras de mujer\u2019, en la que varias vecinas norte\u00f1as destacadas contaron sus experiencias en el plano personal, profesional y social.<\/p>\n<p>El alcalde accidental de Har\u00eda, V\u00edctor Robayna, manifest\u00f3 que \u201cel 8 de marzo es siempre una oportunidad para poner en valor los esfuerzos diarios en la lucha por una sociedad justa y por la igualdad, para repudiar desde las Administraciones P\u00fablicas comportamientos sexistas y machistas, y para para rendir homenaje a v\u00edctimas de la violencia de g\u00e9nero en el municipio y en todo el mundo\u201d.<\/p>\n<p>\u2018Palabras de mujer\u2019 ha sido un coloquio que se llev\u00f3 a cabo en el CSC La Tegala, en Har\u00eda. Las protagonistas de la iniciativa fueron \u00c1ngela Figueras, Ico Toledo, Nuria Acu\u00f1a y Mirita Socas, vecinas norte\u00f1as que destacan en diferentes \u00e1mbitos como el personal, profesional o social con sus vivencias, y quienes compartieron sus experiencias como mujeres dentro de sus \u00e1mbitos. La mesa estuvo moderada por la periodista Paola Delgado.<\/p>\n<p>El objetivo de esta actividad ha sido crear una mesa donde un grupo de mujeres de diferentes \u00e1mbitos de la sociedad que han vivido unas experiencias \u00fanicas e interesantes, las den a conocer a la poblaci\u00f3n y c\u00f3mo han salido de los problemas que la vida les ha planteado por su g\u00e9nero.<\/p>\n<p>&nbsp;<\/p>\n","protected":false},"excerpt":{"rendered":"<p>El Ayuntamiento de Har\u00eda rindi\u00f3 homenaje esta semana a todas las mujeres del mundo y, en especial, a las del municipio, en conmemoraci\u00f3n del 8 de marzo, D\u00eda Internacional de la Mujer. En este sentido, el Consistorio, a trav\u00e9s del \u00c1rea de Igualdad, que coordina Chaxiraxi Niz, organiz\u00f3 la Mesa de la Experiencia \u2018Palabras de [&hellip;]<\/p>\n","protected":false},"author":13,"featured_media":22543,"comment_status":"closed","ping_status":"closed","sticky":false,"template":"","format":"standard","meta":{"footnotes":""},"categories":[425,11,30],"tags":[],"class_list":["post-22542","post","type-post","status-publish","format-standard","has-post-thumbnail","hentry","category-destacado","category-hoja-de-haria","category-igualdad"],"_links":{"self":[{"href":"https:\/\/www.ayuntamientodeharia.com\/haria\/wp-json\/wp\/v2\/posts\/22542","targetHints":{"allow":["GET"]}}],"collection":[{"href":"https:\/\/www.ayuntamientodeharia.com\/haria\/wp-json\/wp\/v2\/posts"}],"about":[{"href":"https:\/\/www.ayuntamientodeharia.com\/haria\/wp-json\/wp\/v2\/types\/post"}],"author":[{"embeddable":true,"href":"https:\/\/www.ayuntamientodeharia.com\/haria\/wp-json\/wp\/v2\/users\/13"}],"replies":[{"embeddable":true,"href":"https:\/\/www.ayuntamientodeharia.com\/haria\/wp-json\/wp\/v2\/comments?post=22542"}],"version-history":[{"count":2,"href":"https:\/\/www.ayuntamientodeharia.com\/haria\/wp-json\/wp\/v2\/posts\/22542\/revisions"}],"predecessor-version":[{"id":22545,"href":"https:\/\/www.ayuntamientodeharia.com\/haria\/wp-json\/wp\/v2\/posts\/22542\/revisions\/22545"}],"wp:featuredmedia":[{"embeddable":true,"href":"https:\/\/www.ayuntamientodeharia.com\/haria\/wp-json\/wp\/v2\/media\/22543"}],"wp:attachment":[{"href":"https:\/\/www.ayuntamientodeharia.com\/haria\/wp-json\/wp\/v2\/media?parent=22542"}],"wp:term":[{"taxonomy":"category","embeddable":true,"href":"https:\/\/www.ayuntamientodeharia.com\/haria\/wp-json\/wp\/v2\/categories?post=22542"},{"taxonomy":"post_tag","embeddable":true,"href":"https:\/\/www.ayuntamientodeharia.com\/haria\/wp-json\/wp\/v2\/tags?post=22542"}],"curies":[{"name":"wp","href":"https:\/\/api.w.org\/{rel}","templated":true}]}}