{"id":2248,"date":"2015-08-21T09:36:49","date_gmt":"2015-08-21T09:36:49","guid":{"rendered":"http:\/\/www.ayuntamientodeharia.com\/haria\/?p=2248"},"modified":"2015-08-21T09:36:49","modified_gmt":"2015-08-21T09:36:49","slug":"todo-listo-para-la-iv-carrera-solidaria-cochinilla-trail-2015","status":"publish","type":"post","link":"https:\/\/www.ayuntamientodeharia.com\/haria\/todo-listo-para-la-iv-carrera-solidaria-cochinilla-trail-2015\/","title":{"rendered":"Todo listo para la \u2018IV Carrera Solidaria Cochinilla Trail 2015\u2019"},"content":{"rendered":"<p><a href=\"http:\/\/www.ayuntamientodeharia.com\/haria\/wp-content\/uploads\/2015\/08\/cochinilla-trail.jpg\"><img fetchpriority=\"high\" decoding=\"async\" class=\"alignleft size-medium wp-image-2231\" src=\"http:\/\/www.ayuntamientodeharia.com\/haria\/wp-content\/uploads\/2015\/08\/cochinilla-trail-235x300.jpg\" alt=\"cochinilla trail\" width=\"235\" height=\"300\" srcset=\"https:\/\/www.ayuntamientodeharia.com\/haria\/wp-content\/uploads\/2015\/08\/cochinilla-trail-235x300.jpg 235w, https:\/\/www.ayuntamientodeharia.com\/haria\/wp-content\/uploads\/2015\/08\/cochinilla-trail.jpg 461w\" sizes=\"(max-width: 235px) 100vw, 235px\" \/><\/a>La cuarta edici\u00f3n de la \u2018Cochinilla Trail\u2019 tendr\u00e1 lugar el pr\u00f3ximo s\u00e1bado 26 de septiembre, a las 17:00 horas, y al igual que ocurriese en anteriores ediciones, se lleva a cabo sin \u00e1nimo de lucro, con el \u00fanico de pretexto de unir deporte y solidaridad. Para ello se plantean una serie de retos deportivos con los que recaudar dinero para financiar proyectos solidarios que llevan a cabo distintas ONG.<\/p>\n<p>&nbsp;<\/p>\n<p>En 2012, la asociaci\u00f3n Amigos de Mala apost\u00f3 por el binomio carrera y solidaridad, no solo como opci\u00f3n de disfrute de un acto deportivo, sino tambi\u00e9n para poder desarrollar una de las acciones que m\u00e1s engrandece a las personas, como es la solidaridad. En esta ocasi\u00f3n se dedicar\u00e1 una menci\u00f3n especial al D\u00eda Internacional para la Erradicaci\u00f3n de la Pobreza, que se celebra el 17 de octubre.<\/p>\n<p><!--more--><\/p>\n<p>La edici\u00f3n 2015 contar\u00e1 con la participaci\u00f3n de la Fundaci\u00f3n Canaria para el Control de las Enfermedades Tropicales (FUNCCET), que persigue fomentar e impulsar la Ciencia en general y, de forma especial, todo lo concerniente a la investigaci\u00f3n, prevenci\u00f3n y control sobre enfermedades tropicales, emergentes y ligadas a la pobreza, donde uno de sus proyectos es la implantaci\u00f3n de laboratorios en la zona norte de Senegal.<\/p>\n<p>&nbsp;<\/p>\n<p>En apoyo a esta asociaci\u00f3n, se va a poner a la venta camisetas solidarias, a un precio de tres euros para los que se inscriban en la p\u00e1gina web y de cinco euros en venta directa los d\u00edas de recogida de dorsales. Otros participantes son la Fundaci\u00f3n Disgrup, la Asociaci\u00f3n Tinguanfaya, AFOL (Asociaci\u00f3n de Familiares Oncol\u00f3gicos de Lanzarote) y Sof\u00eda Tapones, entre otras asociaciones y organizaciones no gubernamentales.<\/p>\n<p>&nbsp;<\/p>\n<p>Las pruebas deportivas incluyen un circuito de corredores y uno m\u00e1s corto para los senderistas, as\u00ed como carreras de ni\u00f1os, que se denominan \u2018Tuneritas\u2019. Cabe recordar que Mat\u00edas Mach\u00edn har\u00e1 un nuevo reto de 24 horas en el circuito establecido y que le podr\u00e1 acompa\u00f1ar todo aquel que lo desee a cualquier hora, pasando siempre por la zona de la Sociedad de Mala.<\/p>\n","protected":false},"excerpt":{"rendered":"<p>La cuarta edici\u00f3n de la \u2018Cochinilla Trail\u2019 tendr\u00e1 lugar el pr\u00f3ximo s\u00e1bado 26 de septiembre, a las 17:00 horas, y al igual que ocurriese en anteriores ediciones, se lleva a cabo sin \u00e1nimo de lucro, con el \u00fanico de pretexto de unir deporte y solidaridad. Para ello se plantean una serie de retos deportivos con [&hellip;]<\/p>\n","protected":false},"author":2,"featured_media":0,"comment_status":"closed","ping_status":"closed","sticky":false,"template":"","format":"standard","meta":{"footnotes":""},"categories":[17,11],"tags":[],"class_list":["post-2248","post","type-post","status-publish","format-standard","hentry","category-deportes","category-hoja-de-haria"],"_links":{"self":[{"href":"https:\/\/www.ayuntamientodeharia.com\/haria\/wp-json\/wp\/v2\/posts\/2248","targetHints":{"allow":["GET"]}}],"collection":[{"href":"https:\/\/www.ayuntamientodeharia.com\/haria\/wp-json\/wp\/v2\/posts"}],"about":[{"href":"https:\/\/www.ayuntamientodeharia.com\/haria\/wp-json\/wp\/v2\/types\/post"}],"author":[{"embeddable":true,"href":"https:\/\/www.ayuntamientodeharia.com\/haria\/wp-json\/wp\/v2\/users\/2"}],"replies":[{"embeddable":true,"href":"https:\/\/www.ayuntamientodeharia.com\/haria\/wp-json\/wp\/v2\/comments?post=2248"}],"version-history":[{"count":0,"href":"https:\/\/www.ayuntamientodeharia.com\/haria\/wp-json\/wp\/v2\/posts\/2248\/revisions"}],"wp:attachment":[{"href":"https:\/\/www.ayuntamientodeharia.com\/haria\/wp-json\/wp\/v2\/media?parent=2248"}],"wp:term":[{"taxonomy":"category","embeddable":true,"href":"https:\/\/www.ayuntamientodeharia.com\/haria\/wp-json\/wp\/v2\/categories?post=2248"},{"taxonomy":"post_tag","embeddable":true,"href":"https:\/\/www.ayuntamientodeharia.com\/haria\/wp-json\/wp\/v2\/tags?post=2248"}],"curies":[{"name":"wp","href":"https:\/\/api.w.org\/{rel}","templated":true}]}}