{"id":2246,"date":"2015-08-21T09:35:29","date_gmt":"2015-08-21T09:35:29","guid":{"rendered":"http:\/\/www.ayuntamientodeharia.com\/haria\/?p=2246"},"modified":"2015-08-21T09:35:29","modified_gmt":"2015-08-21T09:35:29","slug":"fiestas-santa-rosa-de-lima-orzola-2015-2","status":"publish","type":"post","link":"https:\/\/www.ayuntamientodeharia.com\/haria\/fiestas-santa-rosa-de-lima-orzola-2015-2\/","title":{"rendered":"Fiestas Santa Rosa de Lima &#8211; \u00d3rzola 2015"},"content":{"rendered":"<p><a style=\"font-weight: inherit; font-style: inherit; color: #1b8be0;\" href=\"http:\/\/www.ayuntamientodeharia.com\/haria\/?wpfb_dl=439\" target=\"_blank\">Descargar programa en PDF (6MB)<\/a><\/p>\n<p>&nbsp;<\/p>\n<p><strong style=\"font-weight: bold; font-style: inherit; color: inherit;\"><a style=\"font-weight: inherit; font-style: inherit; color: #1b8be0;\" href=\"http:\/\/www.ayuntamientodeharia.com\/haria\/wp-content\/uploads\/2015\/08\/Santa-Rosa-2015.jpg\"><img fetchpriority=\"high\" decoding=\"async\" class=\"alignleft size-medium wp-image-2224\" style=\"font-weight: inherit; font-style: inherit; color: inherit;\" src=\"http:\/\/www.ayuntamientodeharia.com\/haria\/wp-content\/uploads\/2015\/08\/Santa-Rosa-2015-212x300.jpg\" alt=\"Santa Rosa 2015\" width=\"212\" height=\"300\" srcset=\"https:\/\/www.ayuntamientodeharia.com\/haria\/wp-content\/uploads\/2015\/08\/Santa-Rosa-2015-212x300.jpg 212w, https:\/\/www.ayuntamientodeharia.com\/haria\/wp-content\/uploads\/2015\/08\/Santa-Rosa-2015-727x1024.jpg 727w, https:\/\/www.ayuntamientodeharia.com\/haria\/wp-content\/uploads\/2015\/08\/Santa-Rosa-2015.jpg 1153w\" sizes=\"(max-width: 212px) 100vw, 212px\" \/><\/a>Jueves, 20 de agosto:<\/strong><br style=\"font-weight: inherit; font-style: inherit; color: inherit;\" \/>Engalanamiento del pueblo.<br style=\"font-weight: inherit; font-style: inherit; color: inherit;\" \/>10:30h.- Concurso de Play Station.<br style=\"font-weight: inherit; font-style: inherit; color: inherit;\" \/>17:30h.- Jornada de puertas abiertas en Pardelas Park para los<br style=\"font-weight: inherit; font-style: inherit; color: inherit;\" \/>residentes en el municipio de Har\u00eda.<br style=\"font-weight: inherit; font-style: inherit; color: inherit;\" \/>19:00h.- Inauguraci\u00f3n de la exposici\u00f3n fotogr\u00e1fica \u2018Fiestas Santa Rosa<br style=\"font-weight: inherit; font-style: inherit; color: inherit;\" \/>de Lima 2014\u2019.<br style=\"font-weight: inherit; font-style: inherit; color: inherit;\" \/>19:30h.- Pasacalle animado por la batucada Woman Batuca y<br style=\"font-weight: inherit; font-style: inherit; color: inherit;\" \/>cabezudos.<br style=\"font-weight: inherit; font-style: inherit; color: inherit;\" \/>20:00h.- Sorteo y comienzo del Campeonato de Envite.<\/p>\n<p>&nbsp;<\/p>\n<p><br style=\"font-weight: inherit; font-style: inherit; color: inherit;\" \/><strong style=\"font-weight: bold; font-style: inherit; color: inherit;\">Viernes,\u00a021 de agosto:<\/strong><br style=\"font-weight: inherit; font-style: inherit; color: inherit;\" \/>13:30h.- Pesca infantil en el muelle.<br style=\"font-weight: inherit; font-style: inherit; color: inherit;\" \/>18:00h.- Sorteo y comienzo del\u00a0Campeonato Femenino\u00a0de Bola.<br style=\"font-weight: inherit; font-style: inherit; color: inherit;\" \/>19:00h.- Sorteo y comienzo del\u00a0Campeonato de Truco.<br style=\"font-weight: inherit; font-style: inherit; color: inherit;\" \/>22:00h.- Fiesta de la Pamela\u00a0amenizada por los DJ\u00a0Furre, Juan Hern\u00e1ndez\u00a0y Ray<br style=\"font-weight: inherit; font-style: inherit; color: inherit;\" \/>Castellano en la\u00a0playa de Calet\u00f3n Blanco.<\/p>\n<p>Imprescindible ir vestidos\u00a0de blanco. Se premiar\u00e1 la\u00a0pamela m\u00e1s original.<\/p>\n<p><!--more--><\/p>\n<p><br style=\"font-weight: inherit; font-style: inherit; color: inherit;\" \/><strong style=\"font-weight: bold; font-style: inherit; color: inherit;\"><img decoding=\"async\" class=\"alignleft wp-image-2194 size-medium\" style=\"font-weight: inherit; font-style: inherit; color: inherit;\" src=\"http:\/\/www.ayuntamientodeharia.com\/haria\/wp-content\/uploads\/2015\/08\/pamela-219x300.jpg\" alt=\"pamela\" width=\"219\" height=\"300\" srcset=\"https:\/\/www.ayuntamientodeharia.com\/haria\/wp-content\/uploads\/2015\/08\/pamela-219x300.jpg 219w, https:\/\/www.ayuntamientodeharia.com\/haria\/wp-content\/uploads\/2015\/08\/pamela.jpg 461w\" sizes=\"(max-width: 219px) 100vw, 219px\" \/>S\u00e1bado, 22 de agosto:<\/strong><br style=\"font-weight: inherit; font-style: inherit; color: inherit;\" \/>11:00h.- Curso de Primeros Auxilios en la playa de Calet\u00f3n Blanco.<br style=\"font-weight: inherit; font-style: inherit; color: inherit;\" \/>12:00h.- Actividades para los ni\u00f1os a cargo de Brekita en la playa de\u00a0Calet\u00f3n Blanco.<br style=\"font-weight: inherit; font-style: inherit; color: inherit;\" \/>13:00h.- F\u00fatbol Playa para mayores de 14 a\u00f1os en la playa de La\u00a0Canter\u00eda.<br style=\"font-weight: inherit; font-style: inherit; color: inherit;\" \/>17:00h.- Concurso de Dibujo.<br style=\"font-weight: inherit; font-style: inherit; color: inherit;\" \/>18:00h.- Concurso de Bizcochones.<br style=\"font-weight: inherit; font-style: inherit; color: inherit;\" \/>18:30h.- Bingo Sorpresa.<br style=\"font-weight: inherit; font-style: inherit; color: inherit;\" \/>19:00h.- Sorteo y comienzo del Campeonato Masculino de de Bola.<br style=\"font-weight: inherit; font-style: inherit; color: inherit;\" \/>23:00h.- Gran verbena popular amenizada por el grupo Los<br style=\"font-weight: inherit; font-style: inherit; color: inherit;\" \/>Conejeros y la orquesta Swing del Mambo en el muelle.<\/p>\n<p>&nbsp;<\/p>\n<p><br style=\"font-weight: inherit; font-style: inherit; color: inherit;\" \/><strong style=\"font-weight: bold; font-style: inherit; color: inherit;\">Domingo, 23 de agosto:<\/strong><br style=\"font-weight: inherit; font-style: inherit; color: inherit;\" \/>12:30h.- M\u00e1ster Class de Zumba a cargo de CMH, MT DANCE y\u00a0Carmen Susi Betancort en el muelle.<br style=\"font-weight: inherit; font-style: inherit; color: inherit;\" \/>13:30h.- Verbena del Agua amenizada por el grupo Naiyimbe en el\u00a0muelle.<br style=\"font-weight: inherit; font-style: inherit; color: inherit;\" \/>15:00h.- Garbanzada por cortes\u00eda del restaurante hamburgueser\u00eda\u00a0Punta Fariones y los restaurantes Casa Arr\u00e1ez y Charco Viejo\u00a0en el muelle.<br style=\"font-weight: inherit; font-style: inherit; color: inherit;\" \/>18:00h.- Continuaci\u00f3n del Campeonato de Envite.<\/p>\n<p>&nbsp;<\/p>\n<p><br style=\"font-weight: inherit; font-style: inherit; color: inherit;\" \/><strong style=\"font-weight: bold; font-style: inherit; color: inherit;\">Lunes, 24 de agosto:<\/strong><br style=\"font-weight: inherit; font-style: inherit; color: inherit;\" \/>13:30h.- Nataci\u00f3n en el muelle.<br style=\"font-weight: inherit; font-style: inherit; color: inherit;\" \/>17:00h.- Sorteo y comienzo del Campeonato de Cinquillo.<br style=\"font-weight: inherit; font-style: inherit; color: inherit;\" \/>21:30h.- Gala a cargo de los vecinos del pueblo. A continuaci\u00f3n, baile\u00a0a cargo de la Escuela de bailes latinos El Norte y playback.<\/p>\n<p>&nbsp;<\/p>\n<p><br style=\"font-weight: inherit; font-style: inherit; color: inherit;\" \/><strong style=\"font-weight: bold; font-style: inherit; color: inherit;\">Martes, 25 de agosto:<\/strong><br style=\"font-weight: inherit; font-style: inherit; color: inherit;\" \/>11:30h.- Taller infantil de Reciclaje.<br style=\"font-weight: inherit; font-style: inherit; color: inherit;\" \/>17:30h.- Concurso de Reposter\u00eda.<br style=\"font-weight: inherit; font-style: inherit; color: inherit;\" \/>18:00h.- Sorteo y comienzo del Campeonato Juvenil de Bola.<br style=\"font-weight: inherit; font-style: inherit; color: inherit;\" \/>21:30h.- Proyecci\u00f3n de Cine.<br style=\"font-weight: inherit; font-style: inherit; color: inherit;\" \/>23:30h.- \u2018Hora golfa\u2019: proyecci\u00f3n de cine para adultos.<\/p>\n<p>&nbsp;<\/p>\n<p><br style=\"font-weight: inherit; font-style: inherit; color: inherit;\" \/><strong style=\"font-weight: bold; font-style: inherit; color: inherit;\">Mi\u00e9rcoles, 26 de agosto:<\/strong><br style=\"font-weight: inherit; font-style: inherit; color: inherit;\" \/>13:30h.- Regata de colchonetas en el muelle.<br style=\"font-weight: inherit; font-style: inherit; color: inherit;\" \/>17:00h.- Fiesta Infantil con juegos tradicionales, colchoneta acu\u00e1tica,\u00a0pi\u00f1ata, taller \u2018Pirata por un D\u00eda\u2019 con b\u00fasqueda del tesoro y\u00a0taller \u2018Cocinero por un D\u00eda\u2019 con la creaci\u00f3n de golosinas.<br style=\"font-weight: inherit; font-style: inherit; color: inherit;\" \/>21:00h.- Mini Disco.<\/p>\n<p>&nbsp;<\/p>\n<p><br style=\"font-weight: inherit; font-style: inherit; color: inherit;\" \/><strong style=\"font-weight: bold; font-style: inherit; color: inherit;\">Jueves, 27 de agosto:<\/strong><br style=\"font-weight: inherit; font-style: inherit; color: inherit;\" \/>13:30h.- Cuca\u00f1a en el muelle.<br style=\"font-weight: inherit; font-style: inherit; color: inherit;\" \/>17:00h.- Jornada de Baile a cargo de la academia Lanzarote Baila con\u00a0Master Class de salsa, bachata, etc. A continuaci\u00f3n pasacalle\u00a0amenizado por la academia Lanzarote Baila.<br style=\"font-weight: inherit; font-style: inherit; color: inherit;\" \/>21:30h.- Festival de baile a cargo de la academia Lanzarote Baila.<\/p>\n<p>&nbsp;<\/p>\n<p><br style=\"font-weight: inherit; font-style: inherit; color: inherit;\" \/><strong style=\"font-weight: bold; font-style: inherit; color: inherit;\">Viernes, 28 de agosto:<\/strong><br style=\"font-weight: inherit; font-style: inherit; color: inherit;\" \/>09:30h.- Concurso de Castillos de Arena en la playa de La Canter\u00eda (si\u00a0la marea lo permite).<br style=\"font-weight: inherit; font-style: inherit; color: inherit;\" \/>10:00h.- Actividades en arena y playa: v\u00f3ley playa, p\u00e1del, canoa y wind\u00a0surf en la playa de La Canter\u00eda.<br style=\"font-weight: inherit; font-style: inherit; color: inherit;\" \/>17:00h.- Sorteo y comienzo del Campeonato de Chinch\u00f3n.<br style=\"font-weight: inherit; font-style: inherit; color: inherit;\" \/>17:30h.- Aquatlon \u2018La Lapa\u2019 con diferentes categor\u00edas en el Lajiar.<br style=\"font-weight: inherit; font-style: inherit; color: inherit;\" \/>21:30h.- Fiesta Canaria con la quema de Quevedo y la actuaci\u00f3n de las\u00a0parrandas Los Gurfines son los del Puerto\u2019 y el grupo Ra\u00edces.<br style=\"font-weight: inherit; font-style: inherit; color: inherit;\" \/>Venta anticipada de tickets hasta completar aforo.<\/p>\n<p>&nbsp;<\/p>\n<p><br style=\"font-weight: inherit; font-style: inherit; color: inherit;\" \/><strong style=\"font-weight: bold; font-style: inherit; color: inherit;\">S\u00e1bado, 29 de agosto:<\/strong><br style=\"font-weight: inherit; font-style: inherit; color: inherit;\" \/>De 12:00h. a 17:00h.- Fiesta Infantil con colchonetas, body painting y\u00a0juegos en la playa de Calet\u00f3n Blanco.<br style=\"font-weight: inherit; font-style: inherit; color: inherit;\" \/>13:00h.- F\u00fatbol Playa para menores de 13 a\u00f1os en la playa de Calet\u00f3n\u00a0Blanco.<br style=\"font-weight: inherit; font-style: inherit; color: inherit;\" \/>17:00h.- Continuaci\u00f3n del Campeonato de Truco.<br style=\"font-weight: inherit; font-style: inherit; color: inherit;\" \/>21:00h.- Motocross en la zona conocida como aljibe del gobierno.<\/p>\n<p>&nbsp;<\/p>\n<p><br style=\"font-weight: inherit; font-style: inherit; color: inherit;\" \/><strong style=\"font-weight: bold; font-style: inherit; color: inherit;\">Domingo, 30 de agosto:<\/strong><br style=\"font-weight: inherit; font-style: inherit; color: inherit;\" \/>11:30h.- Taller Infantil de Barro a cargo de Aquilino Rodr\u00edguez Santana.<br style=\"font-weight: inherit; font-style: inherit; color: inherit;\" \/>18:00h.- Misa y Procesi\u00f3n, en honor a Santa Rosa de Lima,\u00a0acompa\u00f1ada por el grupo Alborada.<br style=\"font-weight: inherit; font-style: inherit; color: inherit;\" \/>21:30h.- Gala Fin de Fiesta y rifa de regalos sorpresa.<\/p>\n<p>&nbsp;<\/p>\n<p><br style=\"font-weight: inherit; font-style: inherit; color: inherit;\" \/><strong style=\"font-weight: bold; font-style: inherit; color: inherit;\">NOTA:<\/strong>\u00a0Durante la celebraci\u00f3n de las fiestas se realizar\u00e1 una recogida<br style=\"font-weight: inherit; font-style: inherit; color: inherit;\" \/>de alimentos y productos no perecederos para destinarlos al\u00a0Banco de Alimentos Municipal.<\/p>\n<p>&nbsp;<\/p>\n<p><br style=\"font-weight: inherit; font-style: inherit; color: inherit;\" \/><strong style=\"font-weight: bold; font-style: inherit; color: inherit;\">NOTA:<\/strong>\u00a0La Comisi\u00f3n de Fiestas modificar\u00e1 el horario de alguno de los\u00a0actos para garantizar el correcto desarrollo de los mismos.<\/p>\n<p>&nbsp;<\/p>\n<p><br style=\"font-weight: inherit; font-style: inherit; color: inherit;\" \/><strong style=\"font-weight: bold; font-style: inherit; color: inherit;\">NOTA:<\/strong>\u00a0La Comisi\u00f3n de Fiestas pone a disposici\u00f3n de los vecinos el\u00a0siguiente correo electr\u00f3nico para que puedan enviar las fotos\u00a0de las fiestas de este a\u00f1o: santarosadelimaorzola@gmail.com<\/p>\n","protected":false},"excerpt":{"rendered":"<p>Descargar programa en PDF (6MB) &nbsp; Jueves, 20 de agosto:Engalanamiento del pueblo.10:30h.- Concurso de Play Station.17:30h.- Jornada de puertas abiertas en Pardelas Park para losresidentes en el municipio de Har\u00eda.19:00h.- Inauguraci\u00f3n de la exposici\u00f3n fotogr\u00e1fica \u2018Fiestas Santa Rosade Lima 2014\u2019.19:30h.- Pasacalle animado por la batucada Woman Batuca ycabezudos.20:00h.- Sorteo y comienzo del Campeonato de Envite. [&hellip;]<\/p>\n","protected":false},"author":2,"featured_media":0,"comment_status":"closed","ping_status":"closed","sticky":false,"template":"","format":"standard","meta":{"footnotes":""},"categories":[15,11],"tags":[],"class_list":["post-2246","post","type-post","status-publish","format-standard","hentry","category-festejos","category-hoja-de-haria"],"_links":{"self":[{"href":"https:\/\/www.ayuntamientodeharia.com\/haria\/wp-json\/wp\/v2\/posts\/2246","targetHints":{"allow":["GET"]}}],"collection":[{"href":"https:\/\/www.ayuntamientodeharia.com\/haria\/wp-json\/wp\/v2\/posts"}],"about":[{"href":"https:\/\/www.ayuntamientodeharia.com\/haria\/wp-json\/wp\/v2\/types\/post"}],"author":[{"embeddable":true,"href":"https:\/\/www.ayuntamientodeharia.com\/haria\/wp-json\/wp\/v2\/users\/2"}],"replies":[{"embeddable":true,"href":"https:\/\/www.ayuntamientodeharia.com\/haria\/wp-json\/wp\/v2\/comments?post=2246"}],"version-history":[{"count":0,"href":"https:\/\/www.ayuntamientodeharia.com\/haria\/wp-json\/wp\/v2\/posts\/2246\/revisions"}],"wp:attachment":[{"href":"https:\/\/www.ayuntamientodeharia.com\/haria\/wp-json\/wp\/v2\/media?parent=2246"}],"wp:term":[{"taxonomy":"category","embeddable":true,"href":"https:\/\/www.ayuntamientodeharia.com\/haria\/wp-json\/wp\/v2\/categories?post=2246"},{"taxonomy":"post_tag","embeddable":true,"href":"https:\/\/www.ayuntamientodeharia.com\/haria\/wp-json\/wp\/v2\/tags?post=2246"}],"curies":[{"name":"wp","href":"https:\/\/api.w.org\/{rel}","templated":true}]}}