{"id":22448,"date":"2022-02-18T12:23:48","date_gmt":"2022-02-18T12:23:48","guid":{"rendered":"https:\/\/www.ayuntamientodeharia.com\/haria\/?p=22448"},"modified":"2022-02-18T12:23:48","modified_gmt":"2022-02-18T12:23:48","slug":"juventud-organiza-la-cuarta-jornada-de-orientacion-lanzarote","status":"publish","type":"post","link":"https:\/\/www.ayuntamientodeharia.com\/haria\/juventud-organiza-la-cuarta-jornada-de-orientacion-lanzarote\/","title":{"rendered":"Juventud organiza la cuarta Jornada de Orientaci\u00f3n Lanzarote"},"content":{"rendered":"<p>El Ayuntamiento de Har\u00eda, a trav\u00e9s del Departamento de Juventud, que coordina Evelia Garc\u00eda, en colaboraci\u00f3n con el IES Har\u00eda, organizar\u00e1 este s\u00e1bado, 19 de febrero, la cuarta edici\u00f3n de la Jornada de Orientaci\u00f3n Lanzarote.<\/p>\n<p>Esta \u00faltima carrera clasificatoria del curso se disputar\u00e1 en el pueblo de Soo y de la misma saldr\u00e1n los 16 clasificados para representar a Lanzarote en el Campeonato de Canarias de edad escolar, que se celebrar\u00e1 en Gran Canaria los d\u00edas 25 al 27 de marzo.<\/p>\n<p>&#8220;Orientaci\u00f3n Har\u00eda&#8221; viene trabajando, de manera educativa, el deporte de Orientaci\u00f3n en Lanzarote desde la primavera de 2018, con el apoyo y colaboraci\u00f3n del Servicio Insular de deportes del Cabildo de Lanzarote, y est\u00e1 integrado dentro de &#8220;Recr\u00e9ate&#8221;.<\/p>\n<p>El proyecto &#8220;Recr\u00e9ate&#8221; trabaja acciones conjuntas entre el Departamento de Juventud de Har\u00eda, el IES Har\u00eda, el CEIP San Juan, el CEIP La Garita, el CEIP Las Mercedes, as\u00ed como con el CEIP Guenia, encaminadas a la ocupaci\u00f3n del tiempo libre y la mejora de las relaciones sociales y la convivencia positiva.<\/p>\n<p>Este curso ya han participado 36 estudiantes en las tres primeras jornadas realizadas en Yaiza, Teguise y La Santa. El deporte de Orientaci\u00f3n facilita a sus practicantes el contacto con la naturaleza, conociendo y respetando en cada carrera nuevos espacios con mayor libertad.<\/p>\n","protected":false},"excerpt":{"rendered":"<p>El Ayuntamiento de Har\u00eda, a trav\u00e9s del Departamento de Juventud, que coordina Evelia Garc\u00eda, en colaboraci\u00f3n con el IES Har\u00eda, organizar\u00e1 este s\u00e1bado, 19 de febrero, la cuarta edici\u00f3n de la Jornada de Orientaci\u00f3n Lanzarote. Esta \u00faltima carrera clasificatoria del curso se disputar\u00e1 en el pueblo de Soo y de la misma saldr\u00e1n los 16 [&hellip;]<\/p>\n","protected":false},"author":13,"featured_media":22449,"comment_status":"closed","ping_status":"closed","sticky":false,"template":"","format":"standard","meta":{"footnotes":""},"categories":[425,11,25],"tags":[],"class_list":["post-22448","post","type-post","status-publish","format-standard","has-post-thumbnail","hentry","category-destacado","category-hoja-de-haria","category-juventud"],"_links":{"self":[{"href":"https:\/\/www.ayuntamientodeharia.com\/haria\/wp-json\/wp\/v2\/posts\/22448","targetHints":{"allow":["GET"]}}],"collection":[{"href":"https:\/\/www.ayuntamientodeharia.com\/haria\/wp-json\/wp\/v2\/posts"}],"about":[{"href":"https:\/\/www.ayuntamientodeharia.com\/haria\/wp-json\/wp\/v2\/types\/post"}],"author":[{"embeddable":true,"href":"https:\/\/www.ayuntamientodeharia.com\/haria\/wp-json\/wp\/v2\/users\/13"}],"replies":[{"embeddable":true,"href":"https:\/\/www.ayuntamientodeharia.com\/haria\/wp-json\/wp\/v2\/comments?post=22448"}],"version-history":[{"count":1,"href":"https:\/\/www.ayuntamientodeharia.com\/haria\/wp-json\/wp\/v2\/posts\/22448\/revisions"}],"predecessor-version":[{"id":22450,"href":"https:\/\/www.ayuntamientodeharia.com\/haria\/wp-json\/wp\/v2\/posts\/22448\/revisions\/22450"}],"wp:featuredmedia":[{"embeddable":true,"href":"https:\/\/www.ayuntamientodeharia.com\/haria\/wp-json\/wp\/v2\/media\/22449"}],"wp:attachment":[{"href":"https:\/\/www.ayuntamientodeharia.com\/haria\/wp-json\/wp\/v2\/media?parent=22448"}],"wp:term":[{"taxonomy":"category","embeddable":true,"href":"https:\/\/www.ayuntamientodeharia.com\/haria\/wp-json\/wp\/v2\/categories?post=22448"},{"taxonomy":"post_tag","embeddable":true,"href":"https:\/\/www.ayuntamientodeharia.com\/haria\/wp-json\/wp\/v2\/tags?post=22448"}],"curies":[{"name":"wp","href":"https:\/\/api.w.org\/{rel}","templated":true}]}}