{"id":22440,"date":"2022-02-18T11:45:00","date_gmt":"2022-02-18T11:45:00","guid":{"rendered":"https:\/\/www.ayuntamientodeharia.com\/haria\/?p=22440"},"modified":"2022-02-18T11:45:00","modified_gmt":"2022-02-18T11:45:00","slug":"el-area-de-igualdad-colabora-en-la-organizacion-de-las-jornadas-escuchate-mujer","status":"publish","type":"post","link":"https:\/\/www.ayuntamientodeharia.com\/haria\/el-area-de-igualdad-colabora-en-la-organizacion-de-las-jornadas-escuchate-mujer\/","title":{"rendered":"El \u00c1rea de Igualdad colabora en la organizaci\u00f3n de las Jornadas \u2018Esc\u00fachate mujer\u2019"},"content":{"rendered":"<p>El Ayuntamiento de Har\u00eda, a trav\u00e9s de la Concejal\u00eda de Igualdad, que coordina Chaxiraxi Niz, colabora en la organizaci\u00f3n de las Jornadas \u2018Esc\u00fachate mujer\u2019, una iniciativa impulsada desde la Asociaci\u00f3n Marar\u00eda y enmarcada en el programa de actividades con motivo de pr\u00f3ximo 8 de marzo, D\u00eda Internacional de la Mujer.<\/p>\n<p>Las Jornadas iniciar\u00e1n el pr\u00f3ximo viernes, 25 de febrero, y continuar\u00e1n con otras tres sesiones los d\u00edas 4, 11 y 18 de marzo, en horario de 10:00 a 12:00 horas, todas ellas en la \u2018Casa del Cura\u2019, en la Calle Encarnaci\u00f3n Rodr\u00edguez, 2, en Har\u00eda.<\/p>\n<p>El proyecto busca ayudar al colectivo femenino a desarrollar estrategias que contribuyan al autocuidado, mediante cuatro sesiones grupales en las que se trabajar\u00e1n dichas estrategias, gesti\u00f3n emocional o autoestima, entre otras cuestiones.<\/p>\n<p>Asimismo, las Jornadas contar\u00e1n con talleres gratuitos que tendr\u00e1n plazas limitadas.<\/p>\n<p>Las inscripciones previas son obligatorias y se pueden realizar contactando con el 928804834 o con el 630856076, as\u00ed como a trav\u00e9s del correo electr\u00f3nico intinerantemararia@gmail.com<\/p>\n","protected":false},"excerpt":{"rendered":"<p>El Ayuntamiento de Har\u00eda, a trav\u00e9s de la Concejal\u00eda de Igualdad, que coordina Chaxiraxi Niz, colabora en la organizaci\u00f3n de las Jornadas \u2018Esc\u00fachate mujer\u2019, una iniciativa impulsada desde la Asociaci\u00f3n Marar\u00eda y enmarcada en el programa de actividades con motivo de pr\u00f3ximo 8 de marzo, D\u00eda Internacional de la Mujer. Las Jornadas iniciar\u00e1n el pr\u00f3ximo [&hellip;]<\/p>\n","protected":false},"author":13,"featured_media":22441,"comment_status":"closed","ping_status":"closed","sticky":false,"template":"","format":"standard","meta":{"footnotes":""},"categories":[11,30],"tags":[],"class_list":["post-22440","post","type-post","status-publish","format-standard","has-post-thumbnail","hentry","category-hoja-de-haria","category-igualdad"],"_links":{"self":[{"href":"https:\/\/www.ayuntamientodeharia.com\/haria\/wp-json\/wp\/v2\/posts\/22440","targetHints":{"allow":["GET"]}}],"collection":[{"href":"https:\/\/www.ayuntamientodeharia.com\/haria\/wp-json\/wp\/v2\/posts"}],"about":[{"href":"https:\/\/www.ayuntamientodeharia.com\/haria\/wp-json\/wp\/v2\/types\/post"}],"author":[{"embeddable":true,"href":"https:\/\/www.ayuntamientodeharia.com\/haria\/wp-json\/wp\/v2\/users\/13"}],"replies":[{"embeddable":true,"href":"https:\/\/www.ayuntamientodeharia.com\/haria\/wp-json\/wp\/v2\/comments?post=22440"}],"version-history":[{"count":2,"href":"https:\/\/www.ayuntamientodeharia.com\/haria\/wp-json\/wp\/v2\/posts\/22440\/revisions"}],"predecessor-version":[{"id":22443,"href":"https:\/\/www.ayuntamientodeharia.com\/haria\/wp-json\/wp\/v2\/posts\/22440\/revisions\/22443"}],"wp:featuredmedia":[{"embeddable":true,"href":"https:\/\/www.ayuntamientodeharia.com\/haria\/wp-json\/wp\/v2\/media\/22441"}],"wp:attachment":[{"href":"https:\/\/www.ayuntamientodeharia.com\/haria\/wp-json\/wp\/v2\/media?parent=22440"}],"wp:term":[{"taxonomy":"category","embeddable":true,"href":"https:\/\/www.ayuntamientodeharia.com\/haria\/wp-json\/wp\/v2\/categories?post=22440"},{"taxonomy":"post_tag","embeddable":true,"href":"https:\/\/www.ayuntamientodeharia.com\/haria\/wp-json\/wp\/v2\/tags?post=22440"}],"curies":[{"name":"wp","href":"https:\/\/api.w.org\/{rel}","templated":true}]}}