{"id":22356,"date":"2022-02-04T15:06:29","date_gmt":"2022-02-04T15:06:29","guid":{"rendered":"https:\/\/www.ayuntamientodeharia.com\/haria\/?p=22356"},"modified":"2022-02-04T15:06:29","modified_gmt":"2022-02-04T15:06:29","slug":"haria-se-une-a-la-conmemoracion-del-dia-mundial-contra-el-cancer","status":"publish","type":"post","link":"https:\/\/www.ayuntamientodeharia.com\/haria\/haria-se-une-a-la-conmemoracion-del-dia-mundial-contra-el-cancer\/","title":{"rendered":"Har\u00eda se une a la conmemoraci\u00f3n del D\u00eda Mundial Contra el C\u00e1ncer"},"content":{"rendered":"<p>El Ayuntamiento de Har\u00eda se suma este 4 de febrero a la conmemoraci\u00f3n del D\u00eda Mundial Contra el C\u00e1ncer.<\/p>\n<p>Para dar visibilidad y apoyar la concienciaci\u00f3n acerca del colectivo de personas que sufren o han sufrido esta enfermedad, a petici\u00f3n de la \u00a0Asociaci\u00f3n de Familias Oncohematol\u00f3gicas de Lanzarote (AFOL), se mantiene colocada en la fachada de la Casa Consistorial durante toda la semana la pancarta con el lema \u2018La Prevenci\u00f3n Salva Vidas\u2019.<\/p>\n","protected":false},"excerpt":{"rendered":"<p>El Ayuntamiento de Har\u00eda se suma este 4 de febrero a la conmemoraci\u00f3n del D\u00eda Mundial Contra el C\u00e1ncer. Para dar visibilidad y apoyar la concienciaci\u00f3n acerca del colectivo de personas que sufren o han sufrido esta enfermedad, a petici\u00f3n de la \u00a0Asociaci\u00f3n de Familias Oncohematol\u00f3gicas de Lanzarote (AFOL), se mantiene colocada en la fachada [&hellip;]<\/p>\n","protected":false},"author":13,"featured_media":22357,"comment_status":"closed","ping_status":"closed","sticky":false,"template":"","format":"standard","meta":{"footnotes":""},"categories":[425,11],"tags":[],"class_list":["post-22356","post","type-post","status-publish","format-standard","has-post-thumbnail","hentry","category-destacado","category-hoja-de-haria"],"_links":{"self":[{"href":"https:\/\/www.ayuntamientodeharia.com\/haria\/wp-json\/wp\/v2\/posts\/22356","targetHints":{"allow":["GET"]}}],"collection":[{"href":"https:\/\/www.ayuntamientodeharia.com\/haria\/wp-json\/wp\/v2\/posts"}],"about":[{"href":"https:\/\/www.ayuntamientodeharia.com\/haria\/wp-json\/wp\/v2\/types\/post"}],"author":[{"embeddable":true,"href":"https:\/\/www.ayuntamientodeharia.com\/haria\/wp-json\/wp\/v2\/users\/13"}],"replies":[{"embeddable":true,"href":"https:\/\/www.ayuntamientodeharia.com\/haria\/wp-json\/wp\/v2\/comments?post=22356"}],"version-history":[{"count":1,"href":"https:\/\/www.ayuntamientodeharia.com\/haria\/wp-json\/wp\/v2\/posts\/22356\/revisions"}],"predecessor-version":[{"id":22358,"href":"https:\/\/www.ayuntamientodeharia.com\/haria\/wp-json\/wp\/v2\/posts\/22356\/revisions\/22358"}],"wp:featuredmedia":[{"embeddable":true,"href":"https:\/\/www.ayuntamientodeharia.com\/haria\/wp-json\/wp\/v2\/media\/22357"}],"wp:attachment":[{"href":"https:\/\/www.ayuntamientodeharia.com\/haria\/wp-json\/wp\/v2\/media?parent=22356"}],"wp:term":[{"taxonomy":"category","embeddable":true,"href":"https:\/\/www.ayuntamientodeharia.com\/haria\/wp-json\/wp\/v2\/categories?post=22356"},{"taxonomy":"post_tag","embeddable":true,"href":"https:\/\/www.ayuntamientodeharia.com\/haria\/wp-json\/wp\/v2\/tags?post=22356"}],"curies":[{"name":"wp","href":"https:\/\/api.w.org\/{rel}","templated":true}]}}