{"id":2235,"date":"2015-08-21T09:30:00","date_gmt":"2015-08-21T09:30:00","guid":{"rendered":"http:\/\/www.ayuntamientodeharia.com\/haria\/?p=2235"},"modified":"2015-08-21T09:30:00","modified_gmt":"2015-08-21T09:30:00","slug":"servicio-especial-de-guagua-para-las-fiestas-de-orzola","status":"publish","type":"post","link":"https:\/\/www.ayuntamientodeharia.com\/haria\/servicio-especial-de-guagua-para-las-fiestas-de-orzola\/","title":{"rendered":"Servicio especial de guagua para las fiestas de \u00d3rzola"},"content":{"rendered":"<p>Con motivo de la celebraci\u00f3n de las fiestas de Santa Rosa en \u00d3rzola, en las que tendr\u00e1 lugar la tradicional fiesta de la Pamela, y velando por la seguridad de los ciudadanos par evitar la conducci\u00f3n de veh\u00edculos entre los m\u00e1s j\u00f3venes, el Ayuntamiento de Har\u00eda informa de que se ha habilitado una guagua hasta Arrecife.<\/p>\n<p>&nbsp;<\/p>\n<p>Dicho servicio especial saldr\u00e1 con destino a la capital de la Isla en la madrugada de los d\u00edas 22 y 23 de Agosto, a las 04:15 horas, partiendo el d\u00eda 22 de Calet\u00f3n Blanco y el 23 de la parada de costumbre.<\/p>\n","protected":false},"excerpt":{"rendered":"<p>Con motivo de la celebraci\u00f3n de las fiestas de Santa Rosa en \u00d3rzola, en las que tendr\u00e1 lugar la tradicional fiesta de la Pamela, y velando por la seguridad de los ciudadanos par evitar la conducci\u00f3n de veh\u00edculos entre los m\u00e1s j\u00f3venes, el Ayuntamiento de Har\u00eda informa de que se ha habilitado una guagua hasta [&hellip;]<\/p>\n","protected":false},"author":2,"featured_media":0,"comment_status":"closed","ping_status":"closed","sticky":false,"template":"","format":"standard","meta":{"footnotes":""},"categories":[15,11],"tags":[],"class_list":["post-2235","post","type-post","status-publish","format-standard","hentry","category-festejos","category-hoja-de-haria"],"_links":{"self":[{"href":"https:\/\/www.ayuntamientodeharia.com\/haria\/wp-json\/wp\/v2\/posts\/2235","targetHints":{"allow":["GET"]}}],"collection":[{"href":"https:\/\/www.ayuntamientodeharia.com\/haria\/wp-json\/wp\/v2\/posts"}],"about":[{"href":"https:\/\/www.ayuntamientodeharia.com\/haria\/wp-json\/wp\/v2\/types\/post"}],"author":[{"embeddable":true,"href":"https:\/\/www.ayuntamientodeharia.com\/haria\/wp-json\/wp\/v2\/users\/2"}],"replies":[{"embeddable":true,"href":"https:\/\/www.ayuntamientodeharia.com\/haria\/wp-json\/wp\/v2\/comments?post=2235"}],"version-history":[{"count":0,"href":"https:\/\/www.ayuntamientodeharia.com\/haria\/wp-json\/wp\/v2\/posts\/2235\/revisions"}],"wp:attachment":[{"href":"https:\/\/www.ayuntamientodeharia.com\/haria\/wp-json\/wp\/v2\/media?parent=2235"}],"wp:term":[{"taxonomy":"category","embeddable":true,"href":"https:\/\/www.ayuntamientodeharia.com\/haria\/wp-json\/wp\/v2\/categories?post=2235"},{"taxonomy":"post_tag","embeddable":true,"href":"https:\/\/www.ayuntamientodeharia.com\/haria\/wp-json\/wp\/v2\/tags?post=2235"}],"curies":[{"name":"wp","href":"https:\/\/api.w.org\/{rel}","templated":true}]}}