{"id":22331,"date":"2022-01-28T15:43:12","date_gmt":"2022-01-28T15:43:12","guid":{"rendered":"https:\/\/www.ayuntamientodeharia.com\/haria\/?p=22331"},"modified":"2022-01-28T15:43:12","modified_gmt":"2022-01-28T15:43:12","slug":"el-ayuntamiento-de-haria-aumentara-la-capacidad-del-cementerio-municipal-para-resolver-las-necesidades-de-inhumaciones-de-la-poblacion","status":"publish","type":"post","link":"https:\/\/www.ayuntamientodeharia.com\/haria\/el-ayuntamiento-de-haria-aumentara-la-capacidad-del-cementerio-municipal-para-resolver-las-necesidades-de-inhumaciones-de-la-poblacion\/","title":{"rendered":"El Ayuntamiento de Har\u00eda aumentar\u00e1 la capacidad del cementerio municipal para resolver las necesidades de inhumaciones de la poblaci\u00f3n"},"content":{"rendered":"<p>El Ayuntamiento de Har\u00eda arranc\u00f3 este lunes las obras del proyecto para aumentar la capacidad del cementerio municipal. Con el objetivo de satisfacer las necesidades de inhumaciones de la poblaci\u00f3n norte\u00f1a, el Consistorio dotar\u00e1 estas instalaciones de dos nuevos m\u00f3dulos, con 200 nichos nuevos, y, de forma complementaria, ejecutar\u00e1 la pavimentaci\u00f3n de la plaza resultante y del paso entre dichos m\u00f3dulos.<\/p>\n<p>La realizaci\u00f3n de las actuaciones ha sido adjudicada a la empresa Transportes y Excavaciones Tiagua S.L., por un importe de 118.455,46 euros. El plazo estimado de ejecuci\u00f3n de estas ser\u00e1 de cinco meses.<\/p>\n<p>Dada la prolongada demanda de la ciudadan\u00eda, que ha advertido un cementerio cada vez m\u00e1s saturado, el Ayuntamiento estima que, a trav\u00e9s de este proyecto, el municipio contar\u00e1 con unas instalaciones acordes a las necesidades actuales y proporcionar\u00e1 a los vecinos y vecinas un espacio c\u00f3modo y seguro para realizar las ceremonias, sin el riesgo de no contar con un lugar en el cementerio municipal.<\/p>\n<p>De esta forma, se contempla la creaci\u00f3n de dos edificios de nichos, a dos caras y cuatro alturas, que se conectar\u00e1n a trav\u00e9s del nuevo pavimentado proyectado. Asimismo, se informa que la actuaci\u00f3n se desarrolla en la zona sur del cementerio existente, situado en la calle Vista del Valle, en Har\u00eda, en una zona libre donde se ha hecho posible la ejecuci\u00f3n de esta.<\/p>\n","protected":false},"excerpt":{"rendered":"<p>El Ayuntamiento de Har\u00eda arranc\u00f3 este lunes las obras del proyecto para aumentar la capacidad del cementerio municipal. Con el objetivo de satisfacer las necesidades de inhumaciones de la poblaci\u00f3n norte\u00f1a, el Consistorio dotar\u00e1 estas instalaciones de dos nuevos m\u00f3dulos, con 200 nichos nuevos, y, de forma complementaria, ejecutar\u00e1 la pavimentaci\u00f3n de la plaza resultante [&hellip;]<\/p>\n","protected":false},"author":13,"featured_media":22332,"comment_status":"closed","ping_status":"closed","sticky":false,"template":"","format":"standard","meta":{"footnotes":""},"categories":[425,11],"tags":[1190,1052,464,467],"class_list":["post-22331","post","type-post","status-publish","format-standard","has-post-thumbnail","hentry","category-destacado","category-hoja-de-haria","tag-ampliacion","tag-cementerio","tag-haria","tag-obras"],"_links":{"self":[{"href":"https:\/\/www.ayuntamientodeharia.com\/haria\/wp-json\/wp\/v2\/posts\/22331","targetHints":{"allow":["GET"]}}],"collection":[{"href":"https:\/\/www.ayuntamientodeharia.com\/haria\/wp-json\/wp\/v2\/posts"}],"about":[{"href":"https:\/\/www.ayuntamientodeharia.com\/haria\/wp-json\/wp\/v2\/types\/post"}],"author":[{"embeddable":true,"href":"https:\/\/www.ayuntamientodeharia.com\/haria\/wp-json\/wp\/v2\/users\/13"}],"replies":[{"embeddable":true,"href":"https:\/\/www.ayuntamientodeharia.com\/haria\/wp-json\/wp\/v2\/comments?post=22331"}],"version-history":[{"count":1,"href":"https:\/\/www.ayuntamientodeharia.com\/haria\/wp-json\/wp\/v2\/posts\/22331\/revisions"}],"predecessor-version":[{"id":22333,"href":"https:\/\/www.ayuntamientodeharia.com\/haria\/wp-json\/wp\/v2\/posts\/22331\/revisions\/22333"}],"wp:featuredmedia":[{"embeddable":true,"href":"https:\/\/www.ayuntamientodeharia.com\/haria\/wp-json\/wp\/v2\/media\/22332"}],"wp:attachment":[{"href":"https:\/\/www.ayuntamientodeharia.com\/haria\/wp-json\/wp\/v2\/media?parent=22331"}],"wp:term":[{"taxonomy":"category","embeddable":true,"href":"https:\/\/www.ayuntamientodeharia.com\/haria\/wp-json\/wp\/v2\/categories?post=22331"},{"taxonomy":"post_tag","embeddable":true,"href":"https:\/\/www.ayuntamientodeharia.com\/haria\/wp-json\/wp\/v2\/tags?post=22331"}],"curies":[{"name":"wp","href":"https:\/\/api.w.org\/{rel}","templated":true}]}}