{"id":22329,"date":"2022-01-28T15:42:05","date_gmt":"2022-01-28T15:42:05","guid":{"rendered":"https:\/\/www.ayuntamientodeharia.com\/haria\/?p=22329"},"modified":"2022-01-28T15:42:05","modified_gmt":"2022-01-28T15:42:05","slug":"el-ayuntamiento-se-acerca-a-la-poblacion-mediante-visitas-mensuales-a-todos-los-pueblos-de-haria-2","status":"publish","type":"post","link":"https:\/\/www.ayuntamientodeharia.com\/haria\/el-ayuntamiento-se-acerca-a-la-poblacion-mediante-visitas-mensuales-a-todos-los-pueblos-de-haria-2\/","title":{"rendered":"El Ayuntamiento se acerca a la poblaci\u00f3n mediante visitas mensuales a todos los pueblos de Har\u00eda"},"content":{"rendered":"<p>El Ayuntamiento de Har\u00eda comenzar\u00e1 el martes, 1 de febrero, con la organizaci\u00f3n de visitas mensuales a todos los pueblos del municipio, con el objetivo de acercar la instituci\u00f3n a la poblaci\u00f3n y, de esta forma, solventar problemas de desplazamientos que tienen vecinos y vecinas que no pueden acercarse a la Casa Consistorial para realizar sus gestiones.<\/p>\n<p>En este sentido, el alcalde accidental de Har\u00eda, V\u00edctor Robayna, se acercar\u00e1 cada martes a un pueblo, donde atender\u00e1 de forma presencial las necesidades y demandas de la poblaci\u00f3n que acuda. Asimismo, los lunes por la tarde, este atender\u00e1 a los interesados en el Ayuntamiento con cita previa.<\/p>\n<p>Las visitas se distribuir\u00e1n de la siguiente manera:<\/p>\n<p>Primer martes del mes:<\/p>\n<ul>\n<li>M\u00e1guez, de 16:00 a 16:45, en el Centro Democr\u00e1tico de M\u00e1guez.<\/li>\n<li>Guinate, de 17:00 a 17:30, en el Teleclub de Guinate.<\/li>\n<\/ul>\n<p>Segundo martes del mes:<\/p>\n<ul>\n<li>Ye, de 16:00 a 16:30, en el Teleclub de Ye.<\/li>\n<li>\u00d3rzola, de 16:45 a 17:15, en el Teleclub de \u00d3rzola.<\/li>\n<\/ul>\n<p>Tercer martes del mes:<\/p>\n<ul>\n<li>Arrieta, de 16:00 a 17:00, en el Teleclub de Arrieta.<\/li>\n<li>Punta Mujeres, de 17:15 a 18:00, en el Teleclub de Punta Mujeres.<\/li>\n<\/ul>\n<p>Cuarto martes del mes:<\/p>\n<ul>\n<li>Tabayesco, de 16:00 a 16:30, en el Teleclub de Tabayesco.<\/li>\n<li>Mala-Charco del Palo, de 16:45 a 17:30, en la Sociedad Renacimiento de Mala.<\/li>\n<\/ul>\n","protected":false},"excerpt":{"rendered":"<p>El Ayuntamiento de Har\u00eda comenzar\u00e1 el martes, 1 de febrero, con la organizaci\u00f3n de visitas mensuales a todos los pueblos del municipio, con el objetivo de acercar la instituci\u00f3n a la poblaci\u00f3n y, de esta forma, solventar problemas de desplazamientos que tienen vecinos y vecinas que no pueden acercarse a la Casa Consistorial para realizar [&hellip;]<\/p>\n","protected":false},"author":13,"featured_media":21660,"comment_status":"closed","ping_status":"closed","sticky":false,"template":"","format":"standard","meta":{"footnotes":""},"categories":[73,32,11],"tags":[],"class_list":["post-22329","post","type-post","status-publish","format-standard","has-post-thumbnail","hentry","category-alcaldia","category-anuncios","category-hoja-de-haria"],"_links":{"self":[{"href":"https:\/\/www.ayuntamientodeharia.com\/haria\/wp-json\/wp\/v2\/posts\/22329","targetHints":{"allow":["GET"]}}],"collection":[{"href":"https:\/\/www.ayuntamientodeharia.com\/haria\/wp-json\/wp\/v2\/posts"}],"about":[{"href":"https:\/\/www.ayuntamientodeharia.com\/haria\/wp-json\/wp\/v2\/types\/post"}],"author":[{"embeddable":true,"href":"https:\/\/www.ayuntamientodeharia.com\/haria\/wp-json\/wp\/v2\/users\/13"}],"replies":[{"embeddable":true,"href":"https:\/\/www.ayuntamientodeharia.com\/haria\/wp-json\/wp\/v2\/comments?post=22329"}],"version-history":[{"count":1,"href":"https:\/\/www.ayuntamientodeharia.com\/haria\/wp-json\/wp\/v2\/posts\/22329\/revisions"}],"predecessor-version":[{"id":22330,"href":"https:\/\/www.ayuntamientodeharia.com\/haria\/wp-json\/wp\/v2\/posts\/22329\/revisions\/22330"}],"wp:featuredmedia":[{"embeddable":true,"href":"https:\/\/www.ayuntamientodeharia.com\/haria\/wp-json\/wp\/v2\/media\/21660"}],"wp:attachment":[{"href":"https:\/\/www.ayuntamientodeharia.com\/haria\/wp-json\/wp\/v2\/media?parent=22329"}],"wp:term":[{"taxonomy":"category","embeddable":true,"href":"https:\/\/www.ayuntamientodeharia.com\/haria\/wp-json\/wp\/v2\/categories?post=22329"},{"taxonomy":"post_tag","embeddable":true,"href":"https:\/\/www.ayuntamientodeharia.com\/haria\/wp-json\/wp\/v2\/tags?post=22329"}],"curies":[{"name":"wp","href":"https:\/\/api.w.org\/{rel}","templated":true}]}}