{"id":22323,"date":"2022-01-28T15:27:16","date_gmt":"2022-01-28T15:27:16","guid":{"rendered":"https:\/\/www.ayuntamientodeharia.com\/haria\/?p=22323"},"modified":"2022-01-28T15:27:16","modified_gmt":"2022-01-28T15:27:16","slug":"haria-se-une-a-la-celebracion-del-dia-escolar-por-la-paz-y-la-no-violencia","status":"publish","type":"post","link":"https:\/\/www.ayuntamientodeharia.com\/haria\/haria-se-une-a-la-celebracion-del-dia-escolar-por-la-paz-y-la-no-violencia\/","title":{"rendered":"Har\u00eda se une a la celebraci\u00f3n del D\u00eda Escolar por la Paz y la no Violencia"},"content":{"rendered":"<p>El municipio de Har\u00eda se unir\u00e1 este 30 de enero a la celebraci\u00f3n del D\u00eda Escolar por la Paz y la no Violencia. De esta forma, el Ayuntamiento norte\u00f1o manifiesta su apoyo por la declaraci\u00f3n institucional emitida desde la Federaci\u00f3n Canaria de Municipios (FECAM).<\/p>\n<p>Con uno de los objetivos m\u00e1s importantes de la Agenda 2030 para el Desarrollo Sostenible \u2018Paz, Justicia e Instituciones s\u00f3lidas\u2019 por delante, el Consistorio suscribe una iniciativa en contra de la violencia y que trabaja para educar desde edades tempranas un mundo que vele por la paz.<\/p>\n<p>En este sentido, los centros educativos del municipio han recibido esta declaraci\u00f3n institucional y llevar\u00e1n a cabo actividades en el seno de las propias aulas, a tenor de la situaci\u00f3n sanitaria actual de Lanzarote.<\/p>\n","protected":false},"excerpt":{"rendered":"<p>El municipio de Har\u00eda se unir\u00e1 este 30 de enero a la celebraci\u00f3n del D\u00eda Escolar por la Paz y la no Violencia. De esta forma, el Ayuntamiento norte\u00f1o manifiesta su apoyo por la declaraci\u00f3n institucional emitida desde la Federaci\u00f3n Canaria de Municipios (FECAM). Con uno de los objetivos m\u00e1s importantes de la Agenda 2030 [&hellip;]<\/p>\n","protected":false},"author":13,"featured_media":22324,"comment_status":"closed","ping_status":"closed","sticky":false,"template":"","format":"standard","meta":{"footnotes":""},"categories":[19,11],"tags":[],"class_list":["post-22323","post","type-post","status-publish","format-standard","has-post-thumbnail","hentry","category-formacion","category-hoja-de-haria"],"_links":{"self":[{"href":"https:\/\/www.ayuntamientodeharia.com\/haria\/wp-json\/wp\/v2\/posts\/22323","targetHints":{"allow":["GET"]}}],"collection":[{"href":"https:\/\/www.ayuntamientodeharia.com\/haria\/wp-json\/wp\/v2\/posts"}],"about":[{"href":"https:\/\/www.ayuntamientodeharia.com\/haria\/wp-json\/wp\/v2\/types\/post"}],"author":[{"embeddable":true,"href":"https:\/\/www.ayuntamientodeharia.com\/haria\/wp-json\/wp\/v2\/users\/13"}],"replies":[{"embeddable":true,"href":"https:\/\/www.ayuntamientodeharia.com\/haria\/wp-json\/wp\/v2\/comments?post=22323"}],"version-history":[{"count":1,"href":"https:\/\/www.ayuntamientodeharia.com\/haria\/wp-json\/wp\/v2\/posts\/22323\/revisions"}],"predecessor-version":[{"id":22325,"href":"https:\/\/www.ayuntamientodeharia.com\/haria\/wp-json\/wp\/v2\/posts\/22323\/revisions\/22325"}],"wp:featuredmedia":[{"embeddable":true,"href":"https:\/\/www.ayuntamientodeharia.com\/haria\/wp-json\/wp\/v2\/media\/22324"}],"wp:attachment":[{"href":"https:\/\/www.ayuntamientodeharia.com\/haria\/wp-json\/wp\/v2\/media?parent=22323"}],"wp:term":[{"taxonomy":"category","embeddable":true,"href":"https:\/\/www.ayuntamientodeharia.com\/haria\/wp-json\/wp\/v2\/categories?post=22323"},{"taxonomy":"post_tag","embeddable":true,"href":"https:\/\/www.ayuntamientodeharia.com\/haria\/wp-json\/wp\/v2\/tags?post=22323"}],"curies":[{"name":"wp","href":"https:\/\/api.w.org\/{rel}","templated":true}]}}