{"id":22313,"date":"2022-01-28T14:43:33","date_gmt":"2022-01-28T14:43:33","guid":{"rendered":"https:\/\/www.ayuntamientodeharia.com\/haria\/?p=22313"},"modified":"2022-01-28T14:43:33","modified_gmt":"2022-01-28T14:43:33","slug":"el-aljibe-acoge-la-exposicion-grafica-fuera-de-juego","status":"publish","type":"post","link":"https:\/\/www.ayuntamientodeharia.com\/haria\/el-aljibe-acoge-la-exposicion-grafica-fuera-de-juego\/","title":{"rendered":"El Aljibe acoge la exposici\u00f3n gr\u00e1fica \u2018Fuera de juego\u2019"},"content":{"rendered":"<p>El Ayuntamiento de Har\u00eda, a trav\u00e9s del \u00e1rea de Cultura, que coordina Evelia Garc\u00eda, informa que, a partir del 1 de febrero, la sala de exposiciones \u2018El Aljibe\u2019 acoger\u00e1 la exposici\u00f3n gr\u00e1fica titulada \u2018Fuera de juego\u2019.<\/p>\n<p>Este proyecto est\u00e1 integrado por piezas de Carmela Garc\u00eda, Antonio Manuel Dom\u00ednguez, Noelia Villena, Acaymo S. Cuesta y Sara GDM, y explorar\u00e1 el machismo enquistado en la sociedad y, de manera espec\u00edfica, en el deporte, mediante trabajos pl\u00e1sticos y visuales de denuncia p\u00fablica.<\/p>\n<p>La exposici\u00f3n se podr\u00e1 visitar de forma gratuita desde el mi\u00e9rcoles, 2 de febrero, hasta el 2 de abril, en horario de 10:00 a 13:00 horas.<\/p>\n","protected":false},"excerpt":{"rendered":"<p>El Ayuntamiento de Har\u00eda, a trav\u00e9s del \u00e1rea de Cultura, que coordina Evelia Garc\u00eda, informa que, a partir del 1 de febrero, la sala de exposiciones \u2018El Aljibe\u2019 acoger\u00e1 la exposici\u00f3n gr\u00e1fica titulada \u2018Fuera de juego\u2019. Este proyecto est\u00e1 integrado por piezas de Carmela Garc\u00eda, Antonio Manuel Dom\u00ednguez, Noelia Villena, Acaymo S. Cuesta y Sara [&hellip;]<\/p>\n","protected":false},"author":13,"featured_media":22314,"comment_status":"closed","ping_status":"closed","sticky":false,"template":"","format":"standard","meta":{"footnotes":""},"categories":[16,11],"tags":[],"class_list":["post-22313","post","type-post","status-publish","format-standard","has-post-thumbnail","hentry","category-cultura","category-hoja-de-haria"],"_links":{"self":[{"href":"https:\/\/www.ayuntamientodeharia.com\/haria\/wp-json\/wp\/v2\/posts\/22313","targetHints":{"allow":["GET"]}}],"collection":[{"href":"https:\/\/www.ayuntamientodeharia.com\/haria\/wp-json\/wp\/v2\/posts"}],"about":[{"href":"https:\/\/www.ayuntamientodeharia.com\/haria\/wp-json\/wp\/v2\/types\/post"}],"author":[{"embeddable":true,"href":"https:\/\/www.ayuntamientodeharia.com\/haria\/wp-json\/wp\/v2\/users\/13"}],"replies":[{"embeddable":true,"href":"https:\/\/www.ayuntamientodeharia.com\/haria\/wp-json\/wp\/v2\/comments?post=22313"}],"version-history":[{"count":1,"href":"https:\/\/www.ayuntamientodeharia.com\/haria\/wp-json\/wp\/v2\/posts\/22313\/revisions"}],"predecessor-version":[{"id":22315,"href":"https:\/\/www.ayuntamientodeharia.com\/haria\/wp-json\/wp\/v2\/posts\/22313\/revisions\/22315"}],"wp:featuredmedia":[{"embeddable":true,"href":"https:\/\/www.ayuntamientodeharia.com\/haria\/wp-json\/wp\/v2\/media\/22314"}],"wp:attachment":[{"href":"https:\/\/www.ayuntamientodeharia.com\/haria\/wp-json\/wp\/v2\/media?parent=22313"}],"wp:term":[{"taxonomy":"category","embeddable":true,"href":"https:\/\/www.ayuntamientodeharia.com\/haria\/wp-json\/wp\/v2\/categories?post=22313"},{"taxonomy":"post_tag","embeddable":true,"href":"https:\/\/www.ayuntamientodeharia.com\/haria\/wp-json\/wp\/v2\/tags?post=22313"}],"curies":[{"name":"wp","href":"https:\/\/api.w.org\/{rel}","templated":true}]}}