{"id":22224,"date":"2021-12-30T13:38:51","date_gmt":"2021-12-30T13:38:51","guid":{"rendered":"https:\/\/www.ayuntamientodeharia.com\/haria\/?p=22224"},"modified":"2021-12-30T13:38:51","modified_gmt":"2021-12-30T13:38:51","slug":"el-ayuntamiento-de-haria-comienza-las-obras-necesarias-para-permitir-la-creacion-de-una-escuela-infantil-en-el-ceip-san-juan","status":"publish","type":"post","link":"https:\/\/www.ayuntamientodeharia.com\/haria\/el-ayuntamiento-de-haria-comienza-las-obras-necesarias-para-permitir-la-creacion-de-una-escuela-infantil-en-el-ceip-san-juan\/","title":{"rendered":"El Ayuntamiento de Har\u00eda comienza las obras necesarias para permitir la creaci\u00f3n de una Escuela Infantil en el CEIP San Juan"},"content":{"rendered":"<p>El Ayuntamiento de Har\u00eda, a trav\u00e9s del Parque M\u00f3vil y de la Concejal\u00eda de Educaci\u00f3n, coordinadas por Armando Bonilla y Evelia Garc\u00eda, respectivamente, y tras el compromiso adquirido con la Unidad Educativa de Har\u00eda, ha dado comienzo este lunes a las obras de adecuaci\u00f3n del CEIP San Juan de Har\u00eda, para la creaci\u00f3n de una Escuela Infantil de cero a tres a\u00f1os. De esta forma, se dotar\u00e1 al municipio de unas instalaciones modernas y de \u00faltima generaci\u00f3n, que facilitar\u00e1 el acceso a la educaci\u00f3n p\u00fablica, as\u00ed como ayudar\u00e1 a los padres y madres a una mayor conciliaci\u00f3n laboral y familiar.<\/p>\n<p>La obra, adjudicada a la empresa Guime Construcciones Y Reformas S.L.\u00a0 por un importe de 39.889,60 euros, tiene un plazo de ejecuci\u00f3n de ocho semanas y su finalidad es que, una vez culminadas, el Ayuntamiento solicite la desafecci\u00f3n de una parte de la planta baja del edificio a la Consejer\u00eda de Educaci\u00f3n, para que el Consistorio proceda a la creaci\u00f3n de dicha Escuela Infantil, que cuenta ya con proyecto y ficha financiera.<\/p>\n<p>Las actuaciones consistir\u00e1n en crear un espacio di\u00e1fano utilizable como aula. Asimismo, se construir\u00e1n dos aseos anexos a las aulas, para satisfacer las necesidades del alumnado de infantil, y se dotar\u00e1 al Centro de una salida de emergencias, ubic\u00e1ndola en el patio n\u00famero 4 que da a la fachada principal del edificio.<\/p>\n<p>Adem\u00e1s, se crear\u00e1 una rampa de acceso desde el patio hacia el pasillo de la planta baja, para garantizar una mayor accesibilidad e inclusi\u00f3n a todos los escolares del municipio.e<\/p>\n<p>Estas obras, financiadas con fondos propios liberados del remanente, se enmarca dentro de los Planes de Mejoras Municipales Har\u00eda 2021.<\/p>\n","protected":false},"excerpt":{"rendered":"<p>El Ayuntamiento de Har\u00eda, a trav\u00e9s del Parque M\u00f3vil y de la Concejal\u00eda de Educaci\u00f3n, coordinadas por Armando Bonilla y Evelia Garc\u00eda, respectivamente, y tras el compromiso adquirido con la Unidad Educativa de Har\u00eda, ha dado comienzo este lunes a las obras de adecuaci\u00f3n del CEIP San Juan de Har\u00eda, para la creaci\u00f3n de una [&hellip;]<\/p>\n","protected":false},"author":13,"featured_media":22225,"comment_status":"closed","ping_status":"closed","sticky":false,"template":"","format":"standard","meta":{"footnotes":""},"categories":[425,19,11],"tags":[1158,498,1157,464,467],"class_list":["post-22224","post","type-post","status-publish","format-standard","has-post-thumbnail","hentry","category-destacado","category-formacion","category-hoja-de-haria","tag-ceip-san-juan","tag-educacion","tag-escuela-infantil","tag-haria","tag-obras"],"_links":{"self":[{"href":"https:\/\/www.ayuntamientodeharia.com\/haria\/wp-json\/wp\/v2\/posts\/22224","targetHints":{"allow":["GET"]}}],"collection":[{"href":"https:\/\/www.ayuntamientodeharia.com\/haria\/wp-json\/wp\/v2\/posts"}],"about":[{"href":"https:\/\/www.ayuntamientodeharia.com\/haria\/wp-json\/wp\/v2\/types\/post"}],"author":[{"embeddable":true,"href":"https:\/\/www.ayuntamientodeharia.com\/haria\/wp-json\/wp\/v2\/users\/13"}],"replies":[{"embeddable":true,"href":"https:\/\/www.ayuntamientodeharia.com\/haria\/wp-json\/wp\/v2\/comments?post=22224"}],"version-history":[{"count":1,"href":"https:\/\/www.ayuntamientodeharia.com\/haria\/wp-json\/wp\/v2\/posts\/22224\/revisions"}],"predecessor-version":[{"id":22226,"href":"https:\/\/www.ayuntamientodeharia.com\/haria\/wp-json\/wp\/v2\/posts\/22224\/revisions\/22226"}],"wp:featuredmedia":[{"embeddable":true,"href":"https:\/\/www.ayuntamientodeharia.com\/haria\/wp-json\/wp\/v2\/media\/22225"}],"wp:attachment":[{"href":"https:\/\/www.ayuntamientodeharia.com\/haria\/wp-json\/wp\/v2\/media?parent=22224"}],"wp:term":[{"taxonomy":"category","embeddable":true,"href":"https:\/\/www.ayuntamientodeharia.com\/haria\/wp-json\/wp\/v2\/categories?post=22224"},{"taxonomy":"post_tag","embeddable":true,"href":"https:\/\/www.ayuntamientodeharia.com\/haria\/wp-json\/wp\/v2\/tags?post=22224"}],"curies":[{"name":"wp","href":"https:\/\/api.w.org\/{rel}","templated":true}]}}