{"id":22221,"date":"2021-12-30T13:34:28","date_gmt":"2021-12-30T13:34:28","guid":{"rendered":"https:\/\/www.ayuntamientodeharia.com\/haria\/?p=22221"},"modified":"2021-12-30T13:34:28","modified_gmt":"2021-12-30T13:34:28","slug":"haria-pone-a-disposicion-del-ministerio-de-interior-el-suelo-comprometido-para-ubicar-el-nuevo-sive-de-guinate","status":"publish","type":"post","link":"https:\/\/www.ayuntamientodeharia.com\/haria\/haria-pone-a-disposicion-del-ministerio-de-interior-el-suelo-comprometido-para-ubicar-el-nuevo-sive-de-guinate\/","title":{"rendered":"Har\u00eda pone a disposici\u00f3n del Ministerio de Interior el suelo comprometido para ubicar el nuevo SIVE de Guinate"},"content":{"rendered":"<p>El Ayuntamiento de Har\u00eda pone a disposici\u00f3n del Ministerio de Interior el suelo comprometido para la ubicaci\u00f3n del nuevo Sistema Integrado de Vigilancia Exterior (SIVE) de Guinate.<\/p>\n<p>Cumpliendo con lo pactado inicialmente con los representantes de dicho Ministerio, el Consistorio acord\u00f3 con los propietarios del suelo, as\u00ed como con la parte p\u00fablica de los terrenos colindantes al Mirador de Guinate, su cesi\u00f3n para una nueva y mejor ubicaci\u00f3n de este radar fundamental para frenar el avance de la crisis migratoria en Lanzarote.<\/p>\n<p>Tras los reiterados intentos del Gobierno central de emplazar el radar en un vial que atentaba contra el medioambiente, sin proceder adem\u00e1s a la expropiaci\u00f3n de dicho vial, ante la firme negativa municipal, se ha acordado finalmente ceder un espacio adecuado para este fin.<\/p>\n<p>Desde el Consistorio, agradecemos la labor del Delegado del Gobierno, del Director Insular, del senador de Coalici\u00f3n Canaria Fernando Clavijo y del senador del PSOE Manuel Fajardo, quienes trabajaron codo con codo con el Ayuntamiento y estuvieron siempre entregados a solucionar un problema como este.<\/p>\n<p>Asimismo, cabe destacar el comportamiento mostrado por nuestros vecinos y vecinas, quienes, con su comportamiento c\u00edvico, contribuyeron a sensibilizar a\u00fan m\u00e1s con la magnitud del problema.<\/p>\n<p>Por otra parte, se solicita adem\u00e1s al Ministerio de Interior subsanar la aver\u00eda del radar ubicado en Trujillo, que lleva tres a\u00f1os sin funcionar, para que este cumpla con el objetivo de su instalaci\u00f3n.<\/p>\n<p>El Ayuntamiento espera sensibilidad por parte del Gobierno central ante las peticiones municipales y que la red de vigilancia sea una realidad y podamos mejorar la gesti\u00f3n de la crisis migratoria que est\u00e1 aconteciendo.<\/p>\n","protected":false},"excerpt":{"rendered":"<p>El Ayuntamiento de Har\u00eda pone a disposici\u00f3n del Ministerio de Interior el suelo comprometido para la ubicaci\u00f3n del nuevo Sistema Integrado de Vigilancia Exterior (SIVE) de Guinate. Cumpliendo con lo pactado inicialmente con los representantes de dicho Ministerio, el Consistorio acord\u00f3 con los propietarios del suelo, as\u00ed como con la parte p\u00fablica de los terrenos [&hellip;]<\/p>\n","protected":false},"author":13,"featured_media":22222,"comment_status":"closed","ping_status":"closed","sticky":false,"template":"","format":"standard","meta":{"footnotes":""},"categories":[11],"tags":[],"class_list":["post-22221","post","type-post","status-publish","format-standard","has-post-thumbnail","hentry","category-hoja-de-haria"],"_links":{"self":[{"href":"https:\/\/www.ayuntamientodeharia.com\/haria\/wp-json\/wp\/v2\/posts\/22221","targetHints":{"allow":["GET"]}}],"collection":[{"href":"https:\/\/www.ayuntamientodeharia.com\/haria\/wp-json\/wp\/v2\/posts"}],"about":[{"href":"https:\/\/www.ayuntamientodeharia.com\/haria\/wp-json\/wp\/v2\/types\/post"}],"author":[{"embeddable":true,"href":"https:\/\/www.ayuntamientodeharia.com\/haria\/wp-json\/wp\/v2\/users\/13"}],"replies":[{"embeddable":true,"href":"https:\/\/www.ayuntamientodeharia.com\/haria\/wp-json\/wp\/v2\/comments?post=22221"}],"version-history":[{"count":1,"href":"https:\/\/www.ayuntamientodeharia.com\/haria\/wp-json\/wp\/v2\/posts\/22221\/revisions"}],"predecessor-version":[{"id":22223,"href":"https:\/\/www.ayuntamientodeharia.com\/haria\/wp-json\/wp\/v2\/posts\/22221\/revisions\/22223"}],"wp:featuredmedia":[{"embeddable":true,"href":"https:\/\/www.ayuntamientodeharia.com\/haria\/wp-json\/wp\/v2\/media\/22222"}],"wp:attachment":[{"href":"https:\/\/www.ayuntamientodeharia.com\/haria\/wp-json\/wp\/v2\/media?parent=22221"}],"wp:term":[{"taxonomy":"category","embeddable":true,"href":"https:\/\/www.ayuntamientodeharia.com\/haria\/wp-json\/wp\/v2\/categories?post=22221"},{"taxonomy":"post_tag","embeddable":true,"href":"https:\/\/www.ayuntamientodeharia.com\/haria\/wp-json\/wp\/v2\/tags?post=22221"}],"curies":[{"name":"wp","href":"https:\/\/api.w.org\/{rel}","templated":true}]}}