{"id":22217,"date":"2021-12-30T13:32:54","date_gmt":"2021-12-30T13:32:54","guid":{"rendered":"https:\/\/www.ayuntamientodeharia.com\/haria\/?p=22217"},"modified":"2021-12-30T13:32:54","modified_gmt":"2021-12-30T13:32:54","slug":"el-mirador-de-haria-despide-el-2021-con-un-magico-concierto-de-ano-nuevo","status":"publish","type":"post","link":"https:\/\/www.ayuntamientodeharia.com\/haria\/el-mirador-de-haria-despide-el-2021-con-un-magico-concierto-de-ano-nuevo\/","title":{"rendered":"El Mirador de Har\u00eda despide el 2021 con un m\u00e1gico Concierto de A\u00f1o Nuevo"},"content":{"rendered":"<p>Despedimos el 2021 con el Concierto de A\u00f1o Nuevo que el Mirador de Har\u00eda acoger\u00e1 este s\u00e1bado. A partir de las 12:00 horas, este m\u00e1gico escenario norte\u00f1o contar\u00e1 con las actuaciones de los m\u00fasicos Mijail Saprychev y Sann Liedtke, quienes tocar\u00e1n el piano y el arpa, respectivamente, para todos los presentes.<\/p>\n<p>Desde la Concejal\u00eda de Cultura, que coordina Evelia Garc\u00eda, invitamos a la ciudadan\u00eda a acudir a un acto \u00edntimo, lleno de m\u00fasica y ba\u00f1ado en el paisaje que ofrecen las vistas del Mirador.<\/p>\n<p>Las entradas se encuentran disponibles en la Agenda de la p\u00e1gina web culturedharia.com y estas son gratuitas. Para acudir al concierto ser\u00e1 imprescindible tener la entrada y acudir al punto de encuentro habilitado por la organizaci\u00f3n, donde una guagua trasladar\u00e1 al p\u00fablico hasta el Mirador.<\/p>\n","protected":false},"excerpt":{"rendered":"<p>Despedimos el 2021 con el Concierto de A\u00f1o Nuevo que el Mirador de Har\u00eda acoger\u00e1 este s\u00e1bado. A partir de las 12:00 horas, este m\u00e1gico escenario norte\u00f1o contar\u00e1 con las actuaciones de los m\u00fasicos Mijail Saprychev y Sann Liedtke, quienes tocar\u00e1n el piano y el arpa, respectivamente, para todos los presentes. Desde la Concejal\u00eda de [&hellip;]<\/p>\n","protected":false},"author":13,"featured_media":22218,"comment_status":"closed","ping_status":"closed","sticky":false,"template":"","format":"standard","meta":{"footnotes":""},"categories":[16,425,11],"tags":[745,1156,464,674],"class_list":["post-22217","post","type-post","status-publish","format-standard","has-post-thumbnail","hentry","category-cultura","category-destacado","category-hoja-de-haria","tag-concierto","tag-fin-de-ano","tag-haria","tag-mirador"],"_links":{"self":[{"href":"https:\/\/www.ayuntamientodeharia.com\/haria\/wp-json\/wp\/v2\/posts\/22217","targetHints":{"allow":["GET"]}}],"collection":[{"href":"https:\/\/www.ayuntamientodeharia.com\/haria\/wp-json\/wp\/v2\/posts"}],"about":[{"href":"https:\/\/www.ayuntamientodeharia.com\/haria\/wp-json\/wp\/v2\/types\/post"}],"author":[{"embeddable":true,"href":"https:\/\/www.ayuntamientodeharia.com\/haria\/wp-json\/wp\/v2\/users\/13"}],"replies":[{"embeddable":true,"href":"https:\/\/www.ayuntamientodeharia.com\/haria\/wp-json\/wp\/v2\/comments?post=22217"}],"version-history":[{"count":2,"href":"https:\/\/www.ayuntamientodeharia.com\/haria\/wp-json\/wp\/v2\/posts\/22217\/revisions"}],"predecessor-version":[{"id":22220,"href":"https:\/\/www.ayuntamientodeharia.com\/haria\/wp-json\/wp\/v2\/posts\/22217\/revisions\/22220"}],"wp:featuredmedia":[{"embeddable":true,"href":"https:\/\/www.ayuntamientodeharia.com\/haria\/wp-json\/wp\/v2\/media\/22218"}],"wp:attachment":[{"href":"https:\/\/www.ayuntamientodeharia.com\/haria\/wp-json\/wp\/v2\/media?parent=22217"}],"wp:term":[{"taxonomy":"category","embeddable":true,"href":"https:\/\/www.ayuntamientodeharia.com\/haria\/wp-json\/wp\/v2\/categories?post=22217"},{"taxonomy":"post_tag","embeddable":true,"href":"https:\/\/www.ayuntamientodeharia.com\/haria\/wp-json\/wp\/v2\/tags?post=22217"}],"curies":[{"name":"wp","href":"https:\/\/api.w.org\/{rel}","templated":true}]}}