{"id":22200,"date":"2021-12-30T12:16:49","date_gmt":"2021-12-30T12:16:49","guid":{"rendered":"https:\/\/www.ayuntamientodeharia.com\/haria\/?p=22200"},"modified":"2021-12-30T12:16:49","modified_gmt":"2021-12-30T12:16:49","slug":"el-ayuntamiento-entrega-un-detalle-para-reconocer-la-labor-de-los-trabajadores-municipales-retirados-este-ano","status":"publish","type":"post","link":"https:\/\/www.ayuntamientodeharia.com\/haria\/el-ayuntamiento-entrega-un-detalle-para-reconocer-la-labor-de-los-trabajadores-municipales-retirados-este-ano\/","title":{"rendered":"El Ayuntamiento entrega un detalle para reconocer la labor de los trabajadores municipales retirados este a\u00f1o"},"content":{"rendered":"<p>El Ayuntamiento de Har\u00eda entreg\u00f3 durante esta ma\u00f1ana un detalle de reconocimiento para cuatro trabajadores municipales que se han retirado durante este a\u00f1o y el anterior.<\/p>\n<p>Para homenajear su trabajo loable y su vida dedicada al servicio del Consistorio, hemos querido reconocer a nuestros vecinos Jes\u00fas Guadalupe Armas, Francisco Ram\u00edrez Fontes, Pedro Rodr\u00edguez Rodr\u00edguez y Francisco M\u00e9ndez Brito.<\/p>\n","protected":false},"excerpt":{"rendered":"<p>El Ayuntamiento de Har\u00eda entreg\u00f3 durante esta ma\u00f1ana un detalle de reconocimiento para cuatro trabajadores municipales que se han retirado durante este a\u00f1o y el anterior. Para homenajear su trabajo loable y su vida dedicada al servicio del Consistorio, hemos querido reconocer a nuestros vecinos Jes\u00fas Guadalupe Armas, Francisco Ram\u00edrez Fontes, Pedro Rodr\u00edguez Rodr\u00edguez y [&hellip;]<\/p>\n","protected":false},"author":13,"featured_media":22201,"comment_status":"closed","ping_status":"closed","sticky":false,"template":"","format":"standard","meta":{"footnotes":""},"categories":[11],"tags":[466,464,1147,1146,1148,1149],"class_list":["post-22200","post","type-post","status-publish","format-standard","has-post-thumbnail","hentry","category-hoja-de-haria","tag-ayuntamiento","tag-haria","tag-jubilados","tag-reconocimiento","tag-retirados","tag-trabajadores"],"_links":{"self":[{"href":"https:\/\/www.ayuntamientodeharia.com\/haria\/wp-json\/wp\/v2\/posts\/22200","targetHints":{"allow":["GET"]}}],"collection":[{"href":"https:\/\/www.ayuntamientodeharia.com\/haria\/wp-json\/wp\/v2\/posts"}],"about":[{"href":"https:\/\/www.ayuntamientodeharia.com\/haria\/wp-json\/wp\/v2\/types\/post"}],"author":[{"embeddable":true,"href":"https:\/\/www.ayuntamientodeharia.com\/haria\/wp-json\/wp\/v2\/users\/13"}],"replies":[{"embeddable":true,"href":"https:\/\/www.ayuntamientodeharia.com\/haria\/wp-json\/wp\/v2\/comments?post=22200"}],"version-history":[{"count":2,"href":"https:\/\/www.ayuntamientodeharia.com\/haria\/wp-json\/wp\/v2\/posts\/22200\/revisions"}],"predecessor-version":[{"id":22203,"href":"https:\/\/www.ayuntamientodeharia.com\/haria\/wp-json\/wp\/v2\/posts\/22200\/revisions\/22203"}],"wp:featuredmedia":[{"embeddable":true,"href":"https:\/\/www.ayuntamientodeharia.com\/haria\/wp-json\/wp\/v2\/media\/22201"}],"wp:attachment":[{"href":"https:\/\/www.ayuntamientodeharia.com\/haria\/wp-json\/wp\/v2\/media?parent=22200"}],"wp:term":[{"taxonomy":"category","embeddable":true,"href":"https:\/\/www.ayuntamientodeharia.com\/haria\/wp-json\/wp\/v2\/categories?post=22200"},{"taxonomy":"post_tag","embeddable":true,"href":"https:\/\/www.ayuntamientodeharia.com\/haria\/wp-json\/wp\/v2\/tags?post=22200"}],"curies":[{"name":"wp","href":"https:\/\/api.w.org\/{rel}","templated":true}]}}