{"id":22197,"date":"2021-12-30T12:15:30","date_gmt":"2021-12-30T12:15:30","guid":{"rendered":"https:\/\/www.ayuntamientodeharia.com\/haria\/?p=22197"},"modified":"2021-12-30T12:15:30","modified_gmt":"2021-12-30T12:15:30","slug":"el-mirador-de-haria-permanecera-cerrado-al-publico-el-proximo-1-de-enero","status":"publish","type":"post","link":"https:\/\/www.ayuntamientodeharia.com\/haria\/el-mirador-de-haria-permanecera-cerrado-al-publico-el-proximo-1-de-enero\/","title":{"rendered":"El Mirador de Har\u00eda permanecer\u00e1 cerrado al p\u00fablico el pr\u00f3ximo 1 de enero"},"content":{"rendered":"<p>El Ayuntamiento de Har\u00eda anuncia que, debido a la celebraci\u00f3n del Concierto de A\u00f1o Nuevo, el Mirador de Har\u00eda permanecer\u00e1 cerrado al p\u00fablico el pr\u00f3ximo s\u00e1bado, 1 de enero.<\/p>\n<p>Con motivo del control del aforo, solo podr\u00e1n entrar al Mirador las personas que tengan su entrada y acudan a ver el evento programado para este s\u00e1bado.<\/p>\n","protected":false},"excerpt":{"rendered":"<p>El Ayuntamiento de Har\u00eda anuncia que, debido a la celebraci\u00f3n del Concierto de A\u00f1o Nuevo, el Mirador de Har\u00eda permanecer\u00e1 cerrado al p\u00fablico el pr\u00f3ximo s\u00e1bado, 1 de enero. Con motivo del control del aforo, solo podr\u00e1n entrar al Mirador las personas que tengan su entrada y acudan a ver el evento programado para este [&hellip;]<\/p>\n","protected":false},"author":13,"featured_media":21549,"comment_status":"closed","ping_status":"closed","sticky":false,"template":"","format":"standard","meta":{"footnotes":""},"categories":[32,11],"tags":[829,464,674],"class_list":["post-22197","post","type-post","status-publish","format-standard","has-post-thumbnail","hentry","category-anuncios","category-hoja-de-haria","tag-cierre","tag-haria","tag-mirador"],"_links":{"self":[{"href":"https:\/\/www.ayuntamientodeharia.com\/haria\/wp-json\/wp\/v2\/posts\/22197","targetHints":{"allow":["GET"]}}],"collection":[{"href":"https:\/\/www.ayuntamientodeharia.com\/haria\/wp-json\/wp\/v2\/posts"}],"about":[{"href":"https:\/\/www.ayuntamientodeharia.com\/haria\/wp-json\/wp\/v2\/types\/post"}],"author":[{"embeddable":true,"href":"https:\/\/www.ayuntamientodeharia.com\/haria\/wp-json\/wp\/v2\/users\/13"}],"replies":[{"embeddable":true,"href":"https:\/\/www.ayuntamientodeharia.com\/haria\/wp-json\/wp\/v2\/comments?post=22197"}],"version-history":[{"count":2,"href":"https:\/\/www.ayuntamientodeharia.com\/haria\/wp-json\/wp\/v2\/posts\/22197\/revisions"}],"predecessor-version":[{"id":22199,"href":"https:\/\/www.ayuntamientodeharia.com\/haria\/wp-json\/wp\/v2\/posts\/22197\/revisions\/22199"}],"wp:featuredmedia":[{"embeddable":true,"href":"https:\/\/www.ayuntamientodeharia.com\/haria\/wp-json\/wp\/v2\/media\/21549"}],"wp:attachment":[{"href":"https:\/\/www.ayuntamientodeharia.com\/haria\/wp-json\/wp\/v2\/media?parent=22197"}],"wp:term":[{"taxonomy":"category","embeddable":true,"href":"https:\/\/www.ayuntamientodeharia.com\/haria\/wp-json\/wp\/v2\/categories?post=22197"},{"taxonomy":"post_tag","embeddable":true,"href":"https:\/\/www.ayuntamientodeharia.com\/haria\/wp-json\/wp\/v2\/tags?post=22197"}],"curies":[{"name":"wp","href":"https:\/\/api.w.org\/{rel}","templated":true}]}}