{"id":2214,"date":"2015-08-19T09:39:02","date_gmt":"2015-08-19T09:39:02","guid":{"rendered":"http:\/\/www.ayuntamientodeharia.com\/haria\/?p=2214"},"modified":"2015-08-19T09:39:02","modified_gmt":"2015-08-19T09:39:02","slug":"abierto-el-periodo-voluntario-para-el-pago-de-los-impuestos-y-tasas-municipales","status":"publish","type":"post","link":"https:\/\/www.ayuntamientodeharia.com\/haria\/abierto-el-periodo-voluntario-para-el-pago-de-los-impuestos-y-tasas-municipales\/","title":{"rendered":"Abierto el per\u00edodo voluntario para el pago de los impuestos y tasas municipales"},"content":{"rendered":"<p>La Concejal\u00eda de Hacienda, coordinada por V\u00edctor Robayna, comunica a los vecinos del municipio que a partir de hoy lunes, 17 de agosto, y hasta el viernes, 18 de diciembre, permanecer\u00e1 abierto al p\u00fablico el per\u00edodo voluntario de cobranza para el pago de los impuestos y tasas municipales correspondientes a 2015. Ser\u00e1n objeto de pago los Bienes Inmuebles de Naturaleza Urbana, Bienes de Naturaleza R\u00fastica, Veh\u00edculos de Tracci\u00f3n Mec\u00e1nica, Actividades Econ\u00f3micas.<\/p>\n<p><!--more--><\/p>\n<p>Asimismo, se abre el plazo para el pago de las tasas relacionadas con el Servicio de Recogida de Basura, la Entrada de Veh\u00edculos a trav\u00e9s de aceras y reserva de la v\u00eda p\u00fablica y la Ocupaci\u00f3n de Terrenos de Uso P\u00fablico por Mesas y Sillas con Finalidad Lucrativa. Los vecinos pueden realizar el pago de los recibos directamente en la oficina de Recaudaci\u00f3n Municipal, que se encuentra abierta de lunes a viernes, de 09:00 a 13:00 horas, excepto las tasas que gravan la Entrada de Veh\u00edculos y de Ocupaci\u00f3n de Terrenos, que deber\u00e1n hacerse efectivas en el Departamento de Tasas del Ayuntamiento, o bien domiciliando el pago de los recibos en las entidades bancarias, conforme al art\u00edculo 90 del Reglamento General de Recaudaci\u00f3n.<\/p>\n<p>&nbsp;<\/p>\n<p>Los impuestos que no hayan sido abonados durante el per\u00edodo de pago voluntario recibir\u00e1n un recargo del 5 por ciento, siendo del 10 por ciento una vez que el contribuyente haya recibido la notificaci\u00f3n de la providencia de apremio. Si el contribuyente no se satisface dentro de los plazos establecidos por la Ley, la deuda correspondiente la penalizaci\u00f3n ser\u00e1 del 20 por ciento.<\/p>\n","protected":false},"excerpt":{"rendered":"<p>La Concejal\u00eda de Hacienda, coordinada por V\u00edctor Robayna, comunica a los vecinos del municipio que a partir de hoy lunes, 17 de agosto, y hasta el viernes, 18 de diciembre, permanecer\u00e1 abierto al p\u00fablico el per\u00edodo voluntario de cobranza para el pago de los impuestos y tasas municipales correspondientes a 2015. Ser\u00e1n objeto de pago [&hellip;]<\/p>\n","protected":false},"author":2,"featured_media":0,"comment_status":"closed","ping_status":"closed","sticky":false,"template":"","format":"standard","meta":{"footnotes":""},"categories":[32,11],"tags":[],"class_list":["post-2214","post","type-post","status-publish","format-standard","hentry","category-anuncios","category-hoja-de-haria"],"_links":{"self":[{"href":"https:\/\/www.ayuntamientodeharia.com\/haria\/wp-json\/wp\/v2\/posts\/2214","targetHints":{"allow":["GET"]}}],"collection":[{"href":"https:\/\/www.ayuntamientodeharia.com\/haria\/wp-json\/wp\/v2\/posts"}],"about":[{"href":"https:\/\/www.ayuntamientodeharia.com\/haria\/wp-json\/wp\/v2\/types\/post"}],"author":[{"embeddable":true,"href":"https:\/\/www.ayuntamientodeharia.com\/haria\/wp-json\/wp\/v2\/users\/2"}],"replies":[{"embeddable":true,"href":"https:\/\/www.ayuntamientodeharia.com\/haria\/wp-json\/wp\/v2\/comments?post=2214"}],"version-history":[{"count":0,"href":"https:\/\/www.ayuntamientodeharia.com\/haria\/wp-json\/wp\/v2\/posts\/2214\/revisions"}],"wp:attachment":[{"href":"https:\/\/www.ayuntamientodeharia.com\/haria\/wp-json\/wp\/v2\/media?parent=2214"}],"wp:term":[{"taxonomy":"category","embeddable":true,"href":"https:\/\/www.ayuntamientodeharia.com\/haria\/wp-json\/wp\/v2\/categories?post=2214"},{"taxonomy":"post_tag","embeddable":true,"href":"https:\/\/www.ayuntamientodeharia.com\/haria\/wp-json\/wp\/v2\/tags?post=2214"}],"curies":[{"name":"wp","href":"https:\/\/api.w.org\/{rel}","templated":true}]}}