{"id":22128,"date":"2021-12-10T15:35:20","date_gmt":"2021-12-10T15:35:20","guid":{"rendered":"https:\/\/www.ayuntamientodeharia.com\/haria\/?p=22128"},"modified":"2021-12-10T15:35:20","modified_gmt":"2021-12-10T15:35:20","slug":"el-parque-movil-realiza-el-portal-de-belen-y-la-instalacion-de-la-decoracion-navidena","status":"publish","type":"post","link":"https:\/\/www.ayuntamientodeharia.com\/haria\/el-parque-movil-realiza-el-portal-de-belen-y-la-instalacion-de-la-decoracion-navidena\/","title":{"rendered":"El Parque M\u00f3vil realiza el portal de bel\u00e9n y la instalaci\u00f3n de la decoraci\u00f3n navide\u00f1a"},"content":{"rendered":"<p>El Ayuntamiento de Har\u00eda agradece al Parque M\u00f3vil y a la concejal\u00eda de Cultura por llevar a cabo la instalaci\u00f3n de la decoraci\u00f3n navide\u00f1a. Adem\u00e1s, hacen menci\u00f3n especial a Ram\u00f3n Alfonso Hern\u00e1ndez, qui\u00e9n un a\u00f1o m\u00e1s ha realizado el espectacular portal de bel\u00e9n.<\/p>\n<p>&nbsp;<\/p>\n<p>Los interesados en visitar el portal de bel\u00e9n municipal tendr\u00e1n que acercarse hasta la plaza de la Constituci\u00f3n, en la entrada del Ayuntamiento.<\/p>\n","protected":false},"excerpt":{"rendered":"<p>El Ayuntamiento de Har\u00eda agradece al Parque M\u00f3vil y a la concejal\u00eda de Cultura por llevar a cabo la instalaci\u00f3n de la decoraci\u00f3n navide\u00f1a. Adem\u00e1s, hacen menci\u00f3n especial a Ram\u00f3n Alfonso Hern\u00e1ndez, qui\u00e9n un a\u00f1o m\u00e1s ha realizado el espectacular portal de bel\u00e9n. &nbsp; Los interesados en visitar el portal de bel\u00e9n municipal tendr\u00e1n que [&hellip;]<\/p>\n","protected":false},"author":13,"featured_media":22129,"comment_status":"closed","ping_status":"closed","sticky":false,"template":"","format":"standard","meta":{"footnotes":""},"categories":[11],"tags":[1116,1115,892],"class_list":["post-22128","post","type-post","status-publish","format-standard","has-post-thumbnail","hentry","category-hoja-de-haria","tag-belen","tag-movil","tag-parque"],"_links":{"self":[{"href":"https:\/\/www.ayuntamientodeharia.com\/haria\/wp-json\/wp\/v2\/posts\/22128","targetHints":{"allow":["GET"]}}],"collection":[{"href":"https:\/\/www.ayuntamientodeharia.com\/haria\/wp-json\/wp\/v2\/posts"}],"about":[{"href":"https:\/\/www.ayuntamientodeharia.com\/haria\/wp-json\/wp\/v2\/types\/post"}],"author":[{"embeddable":true,"href":"https:\/\/www.ayuntamientodeharia.com\/haria\/wp-json\/wp\/v2\/users\/13"}],"replies":[{"embeddable":true,"href":"https:\/\/www.ayuntamientodeharia.com\/haria\/wp-json\/wp\/v2\/comments?post=22128"}],"version-history":[{"count":1,"href":"https:\/\/www.ayuntamientodeharia.com\/haria\/wp-json\/wp\/v2\/posts\/22128\/revisions"}],"predecessor-version":[{"id":22130,"href":"https:\/\/www.ayuntamientodeharia.com\/haria\/wp-json\/wp\/v2\/posts\/22128\/revisions\/22130"}],"wp:featuredmedia":[{"embeddable":true,"href":"https:\/\/www.ayuntamientodeharia.com\/haria\/wp-json\/wp\/v2\/media\/22129"}],"wp:attachment":[{"href":"https:\/\/www.ayuntamientodeharia.com\/haria\/wp-json\/wp\/v2\/media?parent=22128"}],"wp:term":[{"taxonomy":"category","embeddable":true,"href":"https:\/\/www.ayuntamientodeharia.com\/haria\/wp-json\/wp\/v2\/categories?post=22128"},{"taxonomy":"post_tag","embeddable":true,"href":"https:\/\/www.ayuntamientodeharia.com\/haria\/wp-json\/wp\/v2\/tags?post=22128"}],"curies":[{"name":"wp","href":"https:\/\/api.w.org\/{rel}","templated":true}]}}