{"id":22122,"date":"2021-12-10T15:30:03","date_gmt":"2021-12-10T15:30:03","guid":{"rendered":"https:\/\/www.ayuntamientodeharia.com\/haria\/?p=22122"},"modified":"2021-12-10T15:30:03","modified_gmt":"2021-12-10T15:30:03","slug":"llega-a-la-plaza-de-haria-el-i-desfile-navideno-de-bodas-y-eventos","status":"publish","type":"post","link":"https:\/\/www.ayuntamientodeharia.com\/haria\/llega-a-la-plaza-de-haria-el-i-desfile-navideno-de-bodas-y-eventos\/","title":{"rendered":"Llega a la Plaza de Har\u00eda el I Desfile Navide\u00f1o de Bodas y Eventos"},"content":{"rendered":"<p>El Ayuntamiento de Har\u00eda organiza el I Desfile Navide\u00f1o de Bodas y Eventos, que tendr\u00e1 lugar el pr\u00f3ximo 17 de diciembre, a las 21:00 horas en la Plaza de Har\u00eda.<\/p>\n<p>&nbsp;<\/p>\n<p>Adem\u00e1s de este evento, se llevar\u00e1n a cabo actuaciones de A.C.D. \u2018El Norte Dance\u2019 y del club de gimnasia \u2018Isla de Lanzarote\u2019.<\/p>\n<p>&nbsp;<\/p>\n<p>Las personas interesadas en asistir podr\u00e1n adquirir sus entradas en <a href=\"http:\/\/www.billetto.es\">www.billetto.es<\/a><\/p>\n","protected":false},"excerpt":{"rendered":"<p>El Ayuntamiento de Har\u00eda organiza el I Desfile Navide\u00f1o de Bodas y Eventos, que tendr\u00e1 lugar el pr\u00f3ximo 17 de diciembre, a las 21:00 horas en la Plaza de Har\u00eda. &nbsp; Adem\u00e1s de este evento, se llevar\u00e1n a cabo actuaciones de A.C.D. \u2018El Norte Dance\u2019 y del club de gimnasia \u2018Isla de Lanzarote\u2019. &nbsp; Las [&hellip;]<\/p>\n","protected":false},"author":13,"featured_media":22123,"comment_status":"closed","ping_status":"closed","sticky":false,"template":"","format":"standard","meta":{"footnotes":""},"categories":[11],"tags":[1113,1095],"class_list":["post-22122","post","type-post","status-publish","format-standard","has-post-thumbnail","hentry","category-hoja-de-haria","tag-desfile","tag-navidad"],"_links":{"self":[{"href":"https:\/\/www.ayuntamientodeharia.com\/haria\/wp-json\/wp\/v2\/posts\/22122","targetHints":{"allow":["GET"]}}],"collection":[{"href":"https:\/\/www.ayuntamientodeharia.com\/haria\/wp-json\/wp\/v2\/posts"}],"about":[{"href":"https:\/\/www.ayuntamientodeharia.com\/haria\/wp-json\/wp\/v2\/types\/post"}],"author":[{"embeddable":true,"href":"https:\/\/www.ayuntamientodeharia.com\/haria\/wp-json\/wp\/v2\/users\/13"}],"replies":[{"embeddable":true,"href":"https:\/\/www.ayuntamientodeharia.com\/haria\/wp-json\/wp\/v2\/comments?post=22122"}],"version-history":[{"count":1,"href":"https:\/\/www.ayuntamientodeharia.com\/haria\/wp-json\/wp\/v2\/posts\/22122\/revisions"}],"predecessor-version":[{"id":22124,"href":"https:\/\/www.ayuntamientodeharia.com\/haria\/wp-json\/wp\/v2\/posts\/22122\/revisions\/22124"}],"wp:featuredmedia":[{"embeddable":true,"href":"https:\/\/www.ayuntamientodeharia.com\/haria\/wp-json\/wp\/v2\/media\/22123"}],"wp:attachment":[{"href":"https:\/\/www.ayuntamientodeharia.com\/haria\/wp-json\/wp\/v2\/media?parent=22122"}],"wp:term":[{"taxonomy":"category","embeddable":true,"href":"https:\/\/www.ayuntamientodeharia.com\/haria\/wp-json\/wp\/v2\/categories?post=22122"},{"taxonomy":"post_tag","embeddable":true,"href":"https:\/\/www.ayuntamientodeharia.com\/haria\/wp-json\/wp\/v2\/tags?post=22122"}],"curies":[{"name":"wp","href":"https:\/\/api.w.org\/{rel}","templated":true}]}}