{"id":22118,"date":"2021-12-10T15:25:04","date_gmt":"2021-12-10T15:25:04","guid":{"rendered":"https:\/\/www.ayuntamientodeharia.com\/haria\/?p=22118"},"modified":"2021-12-10T15:25:04","modified_gmt":"2021-12-10T15:25:04","slug":"22118-2","status":"publish","type":"post","link":"https:\/\/www.ayuntamientodeharia.com\/haria\/22118-2\/","title":{"rendered":"El Ayuntamiento organiza una excursi\u00f3n para visitar los Belenes de la Isla"},"content":{"rendered":"<p>Con motivo de las fiestas navide\u00f1as, el Ayuntamiento, a trav\u00e9s de la concejal\u00eda de Servicios Sociales, coordinada por Chaxiraxi Niz, organiza la tradicional excursi\u00f3n por la Isla para visitar los Belenes, el domingo 26 de diciembre, coincidiendo con la celebraci\u00f3n del d\u00eda de la familia.<\/p>\n<p>El Ayuntamiento pondr\u00e1 a disposici\u00f3n de los asistentes un servicio de guaguas que saldr\u00e1 a las 09:00 horas desde Har\u00eda y \u00d3rzola, y a las 09:30 de Punta Mujeres pasando por el resto de los pueblos.<\/p>\n<p>La personas interesadas deber\u00e1n inscribirse en el Centro de la Tercera Edad de Har\u00eda, llamando a los tel\u00e9fonos, 928836018\/609328397. El plazo de inscripci\u00f3n finaliza el d\u00eda 22 de diciembre.<\/p>\n","protected":false},"excerpt":{"rendered":"<p>Con motivo de las fiestas navide\u00f1as, el Ayuntamiento, a trav\u00e9s de la concejal\u00eda de Servicios Sociales, coordinada por Chaxiraxi Niz, organiza la tradicional excursi\u00f3n por la Isla para visitar los Belenes, el domingo 26 de diciembre, coincidiendo con la celebraci\u00f3n del d\u00eda de la familia. El Ayuntamiento pondr\u00e1 a disposici\u00f3n de los asistentes un servicio [&hellip;]<\/p>\n","protected":false},"author":13,"featured_media":22119,"comment_status":"closed","ping_status":"closed","sticky":false,"template":"","format":"standard","meta":{"footnotes":""},"categories":[32,11],"tags":[1112,493],"class_list":["post-22118","post","type-post","status-publish","format-standard","has-post-thumbnail","hentry","category-anuncios","category-hoja-de-haria","tag-belenes","tag-lanzarote"],"_links":{"self":[{"href":"https:\/\/www.ayuntamientodeharia.com\/haria\/wp-json\/wp\/v2\/posts\/22118","targetHints":{"allow":["GET"]}}],"collection":[{"href":"https:\/\/www.ayuntamientodeharia.com\/haria\/wp-json\/wp\/v2\/posts"}],"about":[{"href":"https:\/\/www.ayuntamientodeharia.com\/haria\/wp-json\/wp\/v2\/types\/post"}],"author":[{"embeddable":true,"href":"https:\/\/www.ayuntamientodeharia.com\/haria\/wp-json\/wp\/v2\/users\/13"}],"replies":[{"embeddable":true,"href":"https:\/\/www.ayuntamientodeharia.com\/haria\/wp-json\/wp\/v2\/comments?post=22118"}],"version-history":[{"count":1,"href":"https:\/\/www.ayuntamientodeharia.com\/haria\/wp-json\/wp\/v2\/posts\/22118\/revisions"}],"predecessor-version":[{"id":22120,"href":"https:\/\/www.ayuntamientodeharia.com\/haria\/wp-json\/wp\/v2\/posts\/22118\/revisions\/22120"}],"wp:featuredmedia":[{"embeddable":true,"href":"https:\/\/www.ayuntamientodeharia.com\/haria\/wp-json\/wp\/v2\/media\/22119"}],"wp:attachment":[{"href":"https:\/\/www.ayuntamientodeharia.com\/haria\/wp-json\/wp\/v2\/media?parent=22118"}],"wp:term":[{"taxonomy":"category","embeddable":true,"href":"https:\/\/www.ayuntamientodeharia.com\/haria\/wp-json\/wp\/v2\/categories?post=22118"},{"taxonomy":"post_tag","embeddable":true,"href":"https:\/\/www.ayuntamientodeharia.com\/haria\/wp-json\/wp\/v2\/tags?post=22118"}],"curies":[{"name":"wp","href":"https:\/\/api.w.org\/{rel}","templated":true}]}}