{"id":22114,"date":"2021-12-10T15:14:29","date_gmt":"2021-12-10T15:14:29","guid":{"rendered":"https:\/\/www.ayuntamientodeharia.com\/haria\/?p=22114"},"modified":"2021-12-10T15:14:29","modified_gmt":"2021-12-10T15:14:29","slug":"la-explanada-del-mercado-de-abastos-de-haria-acoge-la-noche-encantada","status":"publish","type":"post","link":"https:\/\/www.ayuntamientodeharia.com\/haria\/la-explanada-del-mercado-de-abastos-de-haria-acoge-la-noche-encantada\/","title":{"rendered":"La explanada del Mercado de Abastos de Har\u00eda acoge la \u2018Noche Encantada\u2019"},"content":{"rendered":"<p>La Asociaci\u00f3n Cultural y de Festejos VivHar\u00eda, junto al Ayuntamiento de Har\u00eda organizan la \u2018Noche Encantada\u2019.<\/p>\n<p>La explanada del Mercado de Abastados acoger\u00e1 el pr\u00f3ximo s\u00e1bado, 18 de diciembre, a las 20:00 horas, la actuaci\u00f3n de Cal y Canto. Adem\u00e1s, en ese mismo lugar se concentrar\u00e1 la m\u00fasica, la gastronom\u00eda y la artesan\u00eda del municipio para dar a los visitantes y a la poblaci\u00f3n norte\u00f1a una noche din\u00e1mica.<\/p>\n","protected":false},"excerpt":{"rendered":"<p>La Asociaci\u00f3n Cultural y de Festejos VivHar\u00eda, junto al Ayuntamiento de Har\u00eda organizan la \u2018Noche Encantada\u2019. La explanada del Mercado de Abastados acoger\u00e1 el pr\u00f3ximo s\u00e1bado, 18 de diciembre, a las 20:00 horas, la actuaci\u00f3n de Cal y Canto. Adem\u00e1s, en ese mismo lugar se concentrar\u00e1 la m\u00fasica, la gastronom\u00eda y la artesan\u00eda del municipio [&hellip;]<\/p>\n","protected":false},"author":13,"featured_media":22115,"comment_status":"closed","ping_status":"closed","sticky":false,"template":"","format":"standard","meta":{"footnotes":""},"categories":[16,15,11],"tags":[1111,1110],"class_list":["post-22114","post","type-post","status-publish","format-standard","has-post-thumbnail","hentry","category-cultura","category-festejos","category-hoja-de-haria","tag-encantada","tag-noche"],"_links":{"self":[{"href":"https:\/\/www.ayuntamientodeharia.com\/haria\/wp-json\/wp\/v2\/posts\/22114","targetHints":{"allow":["GET"]}}],"collection":[{"href":"https:\/\/www.ayuntamientodeharia.com\/haria\/wp-json\/wp\/v2\/posts"}],"about":[{"href":"https:\/\/www.ayuntamientodeharia.com\/haria\/wp-json\/wp\/v2\/types\/post"}],"author":[{"embeddable":true,"href":"https:\/\/www.ayuntamientodeharia.com\/haria\/wp-json\/wp\/v2\/users\/13"}],"replies":[{"embeddable":true,"href":"https:\/\/www.ayuntamientodeharia.com\/haria\/wp-json\/wp\/v2\/comments?post=22114"}],"version-history":[{"count":2,"href":"https:\/\/www.ayuntamientodeharia.com\/haria\/wp-json\/wp\/v2\/posts\/22114\/revisions"}],"predecessor-version":[{"id":22117,"href":"https:\/\/www.ayuntamientodeharia.com\/haria\/wp-json\/wp\/v2\/posts\/22114\/revisions\/22117"}],"wp:featuredmedia":[{"embeddable":true,"href":"https:\/\/www.ayuntamientodeharia.com\/haria\/wp-json\/wp\/v2\/media\/22115"}],"wp:attachment":[{"href":"https:\/\/www.ayuntamientodeharia.com\/haria\/wp-json\/wp\/v2\/media?parent=22114"}],"wp:term":[{"taxonomy":"category","embeddable":true,"href":"https:\/\/www.ayuntamientodeharia.com\/haria\/wp-json\/wp\/v2\/categories?post=22114"},{"taxonomy":"post_tag","embeddable":true,"href":"https:\/\/www.ayuntamientodeharia.com\/haria\/wp-json\/wp\/v2\/tags?post=22114"}],"curies":[{"name":"wp","href":"https:\/\/api.w.org\/{rel}","templated":true}]}}