{"id":22108,"date":"2021-12-10T15:07:38","date_gmt":"2021-12-10T15:07:38","guid":{"rendered":"https:\/\/www.ayuntamientodeharia.com\/haria\/?p=22108"},"modified":"2021-12-10T15:07:38","modified_gmt":"2021-12-10T15:07:38","slug":"el-punto-joven-organiza-la-caminata-orzola-haria-por-pena-redonda","status":"publish","type":"post","link":"https:\/\/www.ayuntamientodeharia.com\/haria\/el-punto-joven-organiza-la-caminata-orzola-haria-por-pena-redonda\/","title":{"rendered":"El Punto Joven organiza la caminata \u2018\u00d3rzola-Har\u00eda por Pe\u00f1a Redonda\u2019"},"content":{"rendered":"<p>El Ayuntamiento de Har\u00eda, a trav\u00e9s del Punto Joven, coordinado por Evelia Garc\u00eda, llevar\u00e1 a cabo el pr\u00f3ximo s\u00e1bado, 18 de diciembre, una nueva edici\u00f3n de \u201cSenderismo 4 Estaciones\u201d. La ruta \u2018\u00d3rzola-Har\u00eda por Pe\u00f1a Redonda\u2019 arrancar\u00e1 a las 8:00 horas desde la Iglesia de Har\u00eda para trasladar a las personas hasta \u00d3rzola en guagua.<\/p>\n<p>La concejala de Juventud, Evelia Garc\u00eda, detalla que el recorrido tendr\u00e1 una duraci\u00f3n de 4 horas\u00a0y\u00a0una dificultad f\u00edsica media-alta, por lo que est\u00e1 indicado para cualquier persona activa acostumbrada a\u00a0caminar distancias largas por diferentes. Los asistentes deben de llevar agua, comida, \u00a0gorra, protecci\u00f3n solar, ropa de abrigo\u00a0 y calzado c\u00f3modo. Los menores de 12 a\u00f1os deber\u00e1n ir acompa\u00f1ados por un adulto.<\/p>\n<p>Las personas interesadas en acudir al \u2018caminata\u2019 deber\u00e1n inscribirse\u00a0a partir del lunes, 13 de diciembre, a las 8:00 horas\u00a0en la Agenda de la web\u00a0juventudharia.es, las plazas son limitadas y se ir\u00e1n cubriendo por orden de inscripci\u00f3n.\u00a0Para m\u00e1s informaci\u00f3n pueden contactar en el tel\u00e9fono 637893535\u00a0 o en\u00a0\u00a0<a href=\"mailto:juventud@ayuntamientodeharia.com\">juventud@ayuntamientodeharia.com<\/a>.<\/p>\n","protected":false},"excerpt":{"rendered":"<p>El Ayuntamiento de Har\u00eda, a trav\u00e9s del Punto Joven, coordinado por Evelia Garc\u00eda, llevar\u00e1 a cabo el pr\u00f3ximo s\u00e1bado, 18 de diciembre, una nueva edici\u00f3n de \u201cSenderismo 4 Estaciones\u201d. La ruta \u2018\u00d3rzola-Har\u00eda por Pe\u00f1a Redonda\u2019 arrancar\u00e1 a las 8:00 horas desde la Iglesia de Har\u00eda para trasladar a las personas hasta \u00d3rzola en guagua. La [&hellip;]<\/p>\n","protected":false},"author":13,"featured_media":20018,"comment_status":"closed","ping_status":"closed","sticky":false,"template":"","format":"standard","meta":{"footnotes":""},"categories":[11,25],"tags":[744,1108,535],"class_list":["post-22108","post","type-post","status-publish","format-standard","has-post-thumbnail","hentry","category-hoja-de-haria","category-juventud","tag-caminata","tag-estaciones","tag-juventud"],"_links":{"self":[{"href":"https:\/\/www.ayuntamientodeharia.com\/haria\/wp-json\/wp\/v2\/posts\/22108","targetHints":{"allow":["GET"]}}],"collection":[{"href":"https:\/\/www.ayuntamientodeharia.com\/haria\/wp-json\/wp\/v2\/posts"}],"about":[{"href":"https:\/\/www.ayuntamientodeharia.com\/haria\/wp-json\/wp\/v2\/types\/post"}],"author":[{"embeddable":true,"href":"https:\/\/www.ayuntamientodeharia.com\/haria\/wp-json\/wp\/v2\/users\/13"}],"replies":[{"embeddable":true,"href":"https:\/\/www.ayuntamientodeharia.com\/haria\/wp-json\/wp\/v2\/comments?post=22108"}],"version-history":[{"count":2,"href":"https:\/\/www.ayuntamientodeharia.com\/haria\/wp-json\/wp\/v2\/posts\/22108\/revisions"}],"predecessor-version":[{"id":22110,"href":"https:\/\/www.ayuntamientodeharia.com\/haria\/wp-json\/wp\/v2\/posts\/22108\/revisions\/22110"}],"wp:featuredmedia":[{"embeddable":true,"href":"https:\/\/www.ayuntamientodeharia.com\/haria\/wp-json\/wp\/v2\/media\/20018"}],"wp:attachment":[{"href":"https:\/\/www.ayuntamientodeharia.com\/haria\/wp-json\/wp\/v2\/media?parent=22108"}],"wp:term":[{"taxonomy":"category","embeddable":true,"href":"https:\/\/www.ayuntamientodeharia.com\/haria\/wp-json\/wp\/v2\/categories?post=22108"},{"taxonomy":"post_tag","embeddable":true,"href":"https:\/\/www.ayuntamientodeharia.com\/haria\/wp-json\/wp\/v2\/tags?post=22108"}],"curies":[{"name":"wp","href":"https:\/\/api.w.org\/{rel}","templated":true}]}}