{"id":22105,"date":"2021-12-10T15:04:06","date_gmt":"2021-12-10T15:04:06","guid":{"rendered":"https:\/\/www.ayuntamientodeharia.com\/haria\/?p=22105"},"modified":"2021-12-10T15:04:06","modified_gmt":"2021-12-10T15:04:06","slug":"el-ayuntamiento-anuncia-el-cierre-del-mirador-de-haria-por-el-paso-del-42-rally-orvecame-lanzarote-por-esa-carretera","status":"publish","type":"post","link":"https:\/\/www.ayuntamientodeharia.com\/haria\/el-ayuntamiento-anuncia-el-cierre-del-mirador-de-haria-por-el-paso-del-42-rally-orvecame-lanzarote-por-esa-carretera\/","title":{"rendered":"El Ayuntamiento anuncia el cierre del Mirador de Har\u00eda por el paso del 42 Rally Orvecame-Lanzarote por esa carretera"},"content":{"rendered":"<p>El Ayuntamiento de Har\u00eda anuncia que, el s\u00e1bado, 11 de diciembre, el Mirador de Har\u00eda permanecer\u00e1 cerrado al p\u00fablico debido a la prueba automovil\u00edstica 42 Rally Orvecame-Lanzarote.<\/p>\n<p>Informamos a los visitantes que la v\u00eda estar\u00e1 cerrada por este motivo se procede al cierre del Mirador. As\u00ed mismo recordar que las personas que necesiten m\u00e1s informaci\u00f3n podr\u00e1n hacerlo a trav\u00e9s del tel\u00e9fono 620 109 060.<\/p>\n","protected":false},"excerpt":{"rendered":"<p>El Ayuntamiento de Har\u00eda anuncia que, el s\u00e1bado, 11 de diciembre, el Mirador de Har\u00eda permanecer\u00e1 cerrado al p\u00fablico debido a la prueba automovil\u00edstica 42 Rally Orvecame-Lanzarote. Informamos a los visitantes que la v\u00eda estar\u00e1 cerrada por este motivo se procede al cierre del Mirador. As\u00ed mismo recordar que las personas que necesiten m\u00e1s informaci\u00f3n [&hellip;]<\/p>\n","protected":false},"author":13,"featured_media":22106,"comment_status":"closed","ping_status":"closed","sticky":false,"template":"","format":"standard","meta":{"footnotes":""},"categories":[32,11],"tags":[702,884,1100],"class_list":["post-22105","post","type-post","status-publish","format-standard","has-post-thumbnail","hentry","category-anuncios","category-hoja-de-haria","tag-anuncio","tag-carretera","tag-rally"],"_links":{"self":[{"href":"https:\/\/www.ayuntamientodeharia.com\/haria\/wp-json\/wp\/v2\/posts\/22105","targetHints":{"allow":["GET"]}}],"collection":[{"href":"https:\/\/www.ayuntamientodeharia.com\/haria\/wp-json\/wp\/v2\/posts"}],"about":[{"href":"https:\/\/www.ayuntamientodeharia.com\/haria\/wp-json\/wp\/v2\/types\/post"}],"author":[{"embeddable":true,"href":"https:\/\/www.ayuntamientodeharia.com\/haria\/wp-json\/wp\/v2\/users\/13"}],"replies":[{"embeddable":true,"href":"https:\/\/www.ayuntamientodeharia.com\/haria\/wp-json\/wp\/v2\/comments?post=22105"}],"version-history":[{"count":1,"href":"https:\/\/www.ayuntamientodeharia.com\/haria\/wp-json\/wp\/v2\/posts\/22105\/revisions"}],"predecessor-version":[{"id":22107,"href":"https:\/\/www.ayuntamientodeharia.com\/haria\/wp-json\/wp\/v2\/posts\/22105\/revisions\/22107"}],"wp:featuredmedia":[{"embeddable":true,"href":"https:\/\/www.ayuntamientodeharia.com\/haria\/wp-json\/wp\/v2\/media\/22106"}],"wp:attachment":[{"href":"https:\/\/www.ayuntamientodeharia.com\/haria\/wp-json\/wp\/v2\/media?parent=22105"}],"wp:term":[{"taxonomy":"category","embeddable":true,"href":"https:\/\/www.ayuntamientodeharia.com\/haria\/wp-json\/wp\/v2\/categories?post=22105"},{"taxonomy":"post_tag","embeddable":true,"href":"https:\/\/www.ayuntamientodeharia.com\/haria\/wp-json\/wp\/v2\/tags?post=22105"}],"curies":[{"name":"wp","href":"https:\/\/api.w.org\/{rel}","templated":true}]}}