{"id":22102,"date":"2021-12-10T15:01:49","date_gmt":"2021-12-10T15:01:49","guid":{"rendered":"https:\/\/www.ayuntamientodeharia.com\/haria\/?p=22102"},"modified":"2021-12-10T15:05:13","modified_gmt":"2021-12-10T15:05:13","slug":"el-festival-malabharia-vuelve-al-norte-de-lanzarote-en-su-xv-edicion","status":"publish","type":"post","link":"https:\/\/www.ayuntamientodeharia.com\/haria\/el-festival-malabharia-vuelve-al-norte-de-lanzarote-en-su-xv-edicion\/","title":{"rendered":"El Festival \u2018MalabHar\u00eda\u2019 vuelve al norte de Lanzarote en su XV edici\u00f3n"},"content":{"rendered":"<p>El norte de Lanzarote volver\u00e1 a acoger una nueva edici\u00f3n del Festival Internacional de Circo \u2018MalabHar\u00eda 2022\u2019, que se celebrar\u00e1 del 2 al 5 de enero con la colaboraci\u00f3n del Cabildo de Lanzarote y el Gobierno de Canarias.<\/p>\n<p>El evento contar\u00e1 con la participaci\u00f3n de las compa\u00f1\u00edas CIE. Defracto, Manolo Carambolas, Chimichurri Circo, entre otras compa\u00f1\u00edas internacionales.<\/p>\n<p>En el acto de presentaci\u00f3n de la XV edici\u00f3n del Festival, la concejala de Cultura del Ayuntamiento, Evelia Garc\u00eda, se\u00f1al\u00f3 que este evento ya se ha consolidado como una cita imprescindible para la poblaci\u00f3n de Lanzarote, quienes cada a\u00f1o esperan con entusiasmo estas fechas. \u201cEste espect\u00e1culo viene cargado de la ilusi\u00f3n que tanto necesitamos, especialmente ahora, para recuperar la normalidad tras la pandemia\u201d, indic\u00f3 Garc\u00eda.<\/p>\n<p>Por su parte, el consejero de Cultura del Cabildo de Lanzarote, Alberto Aguiar, se\u00f1ala que \u201cMalabHar\u00eda es una oferta cultural \u00fanica en la isla, con una programaci\u00f3n muy necesaria que tiene al circo como espina dorsal. Por ello el Cabildo la apoya y va a seguir apoy\u00e1ndola\u201d.<\/p>\n<p>Las entradas para las funciones previstas, se pondr\u00e1n a la venta a partir del 9 de diciembre. Para reservar las entradas se debe acceder al siguiente enlace: https:\/\/malabharia.com\/entradas-2022\/<\/p>\n","protected":false},"excerpt":{"rendered":"<p>El norte de Lanzarote volver\u00e1 a acoger una nueva edici\u00f3n del Festival Internacional de Circo \u2018MalabHar\u00eda 2022\u2019, que se celebrar\u00e1 del 2 al 5 de enero con la colaboraci\u00f3n del Cabildo de Lanzarote y el Gobierno de Canarias. El evento contar\u00e1 con la participaci\u00f3n de las compa\u00f1\u00edas CIE. Defracto, Manolo Carambolas, Chimichurri Circo, entre otras [&hellip;]<\/p>\n","protected":false},"author":13,"featured_media":22103,"comment_status":"closed","ping_status":"closed","sticky":false,"template":"","format":"standard","meta":{"footnotes":""},"categories":[16,11],"tags":[755,730,464,1107],"class_list":["post-22102","post","type-post","status-publish","format-standard","has-post-thumbnail","hentry","category-cultura","category-hoja-de-haria","tag-circo","tag-cultura","tag-haria","tag-malabares"],"_links":{"self":[{"href":"https:\/\/www.ayuntamientodeharia.com\/haria\/wp-json\/wp\/v2\/posts\/22102","targetHints":{"allow":["GET"]}}],"collection":[{"href":"https:\/\/www.ayuntamientodeharia.com\/haria\/wp-json\/wp\/v2\/posts"}],"about":[{"href":"https:\/\/www.ayuntamientodeharia.com\/haria\/wp-json\/wp\/v2\/types\/post"}],"author":[{"embeddable":true,"href":"https:\/\/www.ayuntamientodeharia.com\/haria\/wp-json\/wp\/v2\/users\/13"}],"replies":[{"embeddable":true,"href":"https:\/\/www.ayuntamientodeharia.com\/haria\/wp-json\/wp\/v2\/comments?post=22102"}],"version-history":[{"count":1,"href":"https:\/\/www.ayuntamientodeharia.com\/haria\/wp-json\/wp\/v2\/posts\/22102\/revisions"}],"predecessor-version":[{"id":22104,"href":"https:\/\/www.ayuntamientodeharia.com\/haria\/wp-json\/wp\/v2\/posts\/22102\/revisions\/22104"}],"wp:featuredmedia":[{"embeddable":true,"href":"https:\/\/www.ayuntamientodeharia.com\/haria\/wp-json\/wp\/v2\/media\/22103"}],"wp:attachment":[{"href":"https:\/\/www.ayuntamientodeharia.com\/haria\/wp-json\/wp\/v2\/media?parent=22102"}],"wp:term":[{"taxonomy":"category","embeddable":true,"href":"https:\/\/www.ayuntamientodeharia.com\/haria\/wp-json\/wp\/v2\/categories?post=22102"},{"taxonomy":"post_tag","embeddable":true,"href":"https:\/\/www.ayuntamientodeharia.com\/haria\/wp-json\/wp\/v2\/tags?post=22102"}],"curies":[{"name":"wp","href":"https:\/\/api.w.org\/{rel}","templated":true}]}}