{"id":22094,"date":"2021-12-10T14:55:50","date_gmt":"2021-12-10T14:55:50","guid":{"rendered":"https:\/\/www.ayuntamientodeharia.com\/haria\/?p=22094"},"modified":"2021-12-10T17:05:04","modified_gmt":"2021-12-10T17:05:04","slug":"el-punto-joven-organiza-una-nueva-edicion-de-pateus-nocturnus-bajo-el-titulo-punta-burro","status":"publish","type":"post","link":"https:\/\/www.ayuntamientodeharia.com\/haria\/el-punto-joven-organiza-una-nueva-edicion-de-pateus-nocturnus-bajo-el-titulo-punta-burro\/","title":{"rendered":"El Punto Joven organiza una nueva edici\u00f3n de \u2018Pateus Nocturnus\u2019 bajo el t\u00edtulo \u2018Punta Burro\u2019"},"content":{"rendered":"<p>El Ayuntamiento de Har\u00eda, a trav\u00e9s del Punto Joven, coordinado por Evelia Garc\u00eda, llevar\u00e1 a cabo el pr\u00f3ximo domingo, 19 de diciembre, una nueva edici\u00f3n de las caminatas nocturnas \u2018Pateus Nocturnus\u2019. Bajo el t\u00edtulo \u2018Punta Burro\u2019, esta arrancar\u00e1 a las 18:00 horas desde el Teleclub de Punta Mujeres.<\/p>\n<p>La concejala de Juventud, Evelia Garc\u00eda, detalla que la\u00a0 ruta nocturna ser\u00e1 de ida y vuelta por la zona costera entre Punta Mujeres y los Jameos del Agua. El recorrido es de dificultad f\u00e1cil y est\u00e1 indicado para cualquier persona\u00a0activa que quiera disfrutar de un paseo nocturno.<\/p>\n<p>Las personas asistentes tienen que llevar agua, linterna, ropa y calzado adecuado y c\u00f3modo. Los menores de 12 a\u00f1os deber\u00e1n ir acompa\u00f1ados por un adulto.<\/p>\n<p>Las personas interesadas en acudir a la caminata deber\u00e1n inscribirse a partir del lunes 13 de diciembre a las 8:00 horas en la Agenda de la web juventudharia.es, las plazas son limitadas y se ir\u00e1n cubriendo por orden de inscripci\u00f3n.<\/p>\n<p>Para m\u00e1s informaci\u00f3n pueden contactar en el tel\u00e9fono 928835009 extensi\u00f3n 6 o en\u00a0\u00a0<a href=\"mailto:juventud@ayuntamientodeharia.com\">juventud@ayuntamientodeharia.com<\/a>.<\/p>\n","protected":false},"excerpt":{"rendered":"<p>El Ayuntamiento de Har\u00eda, a trav\u00e9s del Punto Joven, coordinado por Evelia Garc\u00eda, llevar\u00e1 a cabo el pr\u00f3ximo domingo, 19 de diciembre, una nueva edici\u00f3n de las caminatas nocturnas \u2018Pateus Nocturnus\u2019. Bajo el t\u00edtulo \u2018Punta Burro\u2019, esta arrancar\u00e1 a las 18:00 horas desde el Teleclub de Punta Mujeres. La concejala de Juventud, Evelia Garc\u00eda, detalla [&hellip;]<\/p>\n","protected":false},"author":13,"featured_media":21980,"comment_status":"closed","ping_status":"closed","sticky":false,"template":"","format":"standard","meta":{"footnotes":""},"categories":[16,11],"tags":[1106,744,464,568],"class_list":["post-22094","post","type-post","status-publish","format-standard","has-post-thumbnail","hentry","category-cultura","category-hoja-de-haria","tag-caminar","tag-caminata","tag-haria","tag-punta-mujeres"],"_links":{"self":[{"href":"https:\/\/www.ayuntamientodeharia.com\/haria\/wp-json\/wp\/v2\/posts\/22094","targetHints":{"allow":["GET"]}}],"collection":[{"href":"https:\/\/www.ayuntamientodeharia.com\/haria\/wp-json\/wp\/v2\/posts"}],"about":[{"href":"https:\/\/www.ayuntamientodeharia.com\/haria\/wp-json\/wp\/v2\/types\/post"}],"author":[{"embeddable":true,"href":"https:\/\/www.ayuntamientodeharia.com\/haria\/wp-json\/wp\/v2\/users\/13"}],"replies":[{"embeddable":true,"href":"https:\/\/www.ayuntamientodeharia.com\/haria\/wp-json\/wp\/v2\/comments?post=22094"}],"version-history":[{"count":2,"href":"https:\/\/www.ayuntamientodeharia.com\/haria\/wp-json\/wp\/v2\/posts\/22094\/revisions"}],"predecessor-version":[{"id":22132,"href":"https:\/\/www.ayuntamientodeharia.com\/haria\/wp-json\/wp\/v2\/posts\/22094\/revisions\/22132"}],"wp:featuredmedia":[{"embeddable":true,"href":"https:\/\/www.ayuntamientodeharia.com\/haria\/wp-json\/wp\/v2\/media\/21980"}],"wp:attachment":[{"href":"https:\/\/www.ayuntamientodeharia.com\/haria\/wp-json\/wp\/v2\/media?parent=22094"}],"wp:term":[{"taxonomy":"category","embeddable":true,"href":"https:\/\/www.ayuntamientodeharia.com\/haria\/wp-json\/wp\/v2\/categories?post=22094"},{"taxonomy":"post_tag","embeddable":true,"href":"https:\/\/www.ayuntamientodeharia.com\/haria\/wp-json\/wp\/v2\/tags?post=22094"}],"curies":[{"name":"wp","href":"https:\/\/api.w.org\/{rel}","templated":true}]}}