{"id":22081,"date":"2021-12-03T15:07:49","date_gmt":"2021-12-03T15:07:49","guid":{"rendered":"https:\/\/www.ayuntamientodeharia.com\/haria\/?p=22081"},"modified":"2021-12-03T17:40:00","modified_gmt":"2021-12-03T17:40:00","slug":"los-acuiferos-del-municipio-de-haria-seran-estudiados-por-cientificos-del-national-research-of-italy","status":"publish","type":"post","link":"https:\/\/www.ayuntamientodeharia.com\/haria\/los-acuiferos-del-municipio-de-haria-seran-estudiados-por-cientificos-del-national-research-of-italy\/","title":{"rendered":"Los acu\u00edferos del municipio de Har\u00eda ser\u00e1n estudiados por cient\u00edficos del National Research of Italy"},"content":{"rendered":"<p>El Ayuntamiento de Har\u00eda, a trav\u00e9s de las \u00e1reas de Cultura, Educaci\u00f3n y Medio Ambiente, comunica que durante varios d\u00edas el municipio recibe la visita de unos cient\u00edficos que realizar\u00e1n un estudio en los acu\u00edferos dirigidos por el Dr. Alejandro Mart\u00ednez (National Research of Italy, Water Research Institute).<\/p>\n<p>&nbsp;<\/p>\n<p>Durante su estancia en Har\u00eda, los cient\u00edficos trabajar\u00e1n en los puntos de acceso al acu\u00edfero para estudiar el agua dulce subterr\u00e1nea del pueblo. Este agua es muy interesante desde el punto de vista evolutivo, pues representa un acu\u00edfero f\u00f3sil con poca recarga en la actualidad y que probablemente se form\u00f3 cuando las cumbres de Famara ten\u00edan una altitud mayor y alcanzaba el nivel del alisio.<\/p>\n<p>&nbsp;<\/p>\n<p>Desde el Ayuntamiento animamos a los vecinos y vecinas a colaborar en pro de la ciencia y nos enorgullecemos de la predisposici\u00f3n ya mostrada y agradecemos al Cabildo de Lanzarote que, a trav\u00e9s del Geoparque Lanzarote, ha hecho posible que estos cient\u00edficos focalicen sus investigaciones en el municipio de Har\u00eda.<\/p>\n<p>&nbsp;<\/p>\n","protected":false},"excerpt":{"rendered":"<p>El Ayuntamiento de Har\u00eda, a trav\u00e9s de las \u00e1reas de Cultura, Educaci\u00f3n y Medio Ambiente, comunica que durante varios d\u00edas el municipio recibe la visita de unos cient\u00edficos que realizar\u00e1n un estudio en los acu\u00edferos dirigidos por el Dr. Alejandro Mart\u00ednez (National Research of Italy, Water Research Institute). &nbsp; Durante su estancia en Har\u00eda, los [&hellip;]<\/p>\n","protected":false},"author":13,"featured_media":22082,"comment_status":"closed","ping_status":"closed","sticky":false,"template":"","format":"standard","meta":{"footnotes":""},"categories":[19,11],"tags":[470,1102,730,498],"class_list":["post-22081","post","type-post","status-publish","format-standard","has-post-thumbnail","hentry","category-formacion","category-hoja-de-haria","tag-agua","tag-cientificos","tag-cultura","tag-educacion"],"_links":{"self":[{"href":"https:\/\/www.ayuntamientodeharia.com\/haria\/wp-json\/wp\/v2\/posts\/22081","targetHints":{"allow":["GET"]}}],"collection":[{"href":"https:\/\/www.ayuntamientodeharia.com\/haria\/wp-json\/wp\/v2\/posts"}],"about":[{"href":"https:\/\/www.ayuntamientodeharia.com\/haria\/wp-json\/wp\/v2\/types\/post"}],"author":[{"embeddable":true,"href":"https:\/\/www.ayuntamientodeharia.com\/haria\/wp-json\/wp\/v2\/users\/13"}],"replies":[{"embeddable":true,"href":"https:\/\/www.ayuntamientodeharia.com\/haria\/wp-json\/wp\/v2\/comments?post=22081"}],"version-history":[{"count":3,"href":"https:\/\/www.ayuntamientodeharia.com\/haria\/wp-json\/wp\/v2\/posts\/22081\/revisions"}],"predecessor-version":[{"id":22090,"href":"https:\/\/www.ayuntamientodeharia.com\/haria\/wp-json\/wp\/v2\/posts\/22081\/revisions\/22090"}],"wp:featuredmedia":[{"embeddable":true,"href":"https:\/\/www.ayuntamientodeharia.com\/haria\/wp-json\/wp\/v2\/media\/22082"}],"wp:attachment":[{"href":"https:\/\/www.ayuntamientodeharia.com\/haria\/wp-json\/wp\/v2\/media?parent=22081"}],"wp:term":[{"taxonomy":"category","embeddable":true,"href":"https:\/\/www.ayuntamientodeharia.com\/haria\/wp-json\/wp\/v2\/categories?post=22081"},{"taxonomy":"post_tag","embeddable":true,"href":"https:\/\/www.ayuntamientodeharia.com\/haria\/wp-json\/wp\/v2\/tags?post=22081"}],"curies":[{"name":"wp","href":"https:\/\/api.w.org\/{rel}","templated":true}]}}